{"id":1085,"date":"2025-02-15T14:32:59","date_gmt":"2025-02-15T13:32:59","guid":{"rendered":"https:\/\/kribicamerouninfos.net\/?p=1085"},"modified":"2025-02-15T14:32:59","modified_gmt":"2025-02-15T13:32:59","slug":"kribi-cameroun-des-elites-prient-pour-le-chef-de-letat","status":"publish","type":"post","link":"https:\/\/kribicamerouninfos.net\/index.php\/kribi-cameroun-des-elites-prient-pour-le-chef-de-letat\/","title":{"rendered":"Kribi-Cameroun: Des \u00e9lites prient pour le Chef de l&rsquo;\u00c9tat"},"content":{"rendered":"<blockquote><p><em><strong>Une c\u00e9l\u00e9bration grandiose pour les 92 ans du pr\u00e9sident Paul Biya s&rsquo;est d\u00e9roul\u00e9e au c\u0153ur de la cit\u00e9 baln\u00e9aire le jeudi 13 f\u00e9vrier 2024.<\/strong><\/em><\/p><\/blockquote>\n<p>92 ann\u00e9es de vie pour Paul Biya, president de la Republique du cameroun. Les \u00e9lites de l&rsquo;Oc\u00e9an, sur l&rsquo;initiative de ma\u00eetre madeleine Solange Ekitike, 1er adjoint au maire de la ville de kribi, ont organis\u00e9 un culte oecum\u00e9nique et d&rsquo;action de gr\u00e2ce ce 13 f\u00e9vrier 2025 avec pour objectif\u00a0 non seulement de prier pour le pr\u00e9sident, mais \u00e9galement de le remercier pour ses bienfaits dans le pays et l&rsquo;Oc\u00e9an en particulier.<\/p>\n<figure id=\"attachment_1086\" aria-describedby=\"caption-attachment-1086\" style=\"width: 300px\" class=\"wp-caption aligncenter\"><a href=\"https:\/\/kribicamerouninfos.net\/index.php\/kribi-cameroun-des-elites-prient-pour-le-chef-de-letat\/img_20250215_140139\/\" rel=\"attachment wp-att-1086\"><img loading=\"lazy\" decoding=\"async\" class=\"size-medium wp-image-1086\" src=\"http:\/\/kribicamerouninfos.net\/wp-content\/uploads\/2025\/02\/IMG_20250215_140139-300x155.png\" alt=\"92 ans anniversaire de Paul Biya.\" width=\"300\" height=\"155\" srcset=\"https:\/\/kribicamerouninfos.net\/wp-content\/uploads\/2025\/02\/IMG_20250215_140139-300x155.png 300w, https:\/\/kribicamerouninfos.net\/wp-content\/uploads\/2025\/02\/IMG_20250215_140139-768x398.png 768w, https:\/\/kribicamerouninfos.net\/wp-content\/uploads\/2025\/02\/IMG_20250215_140139.png 950w\" sizes=\"auto, (max-width: 300px) 100vw, 300px\" \/><\/a><figcaption id=\"caption-attachment-1086\" class=\"wp-caption-text\">Des \u00e9lites de Kribi prient pour le pr\u00e9sident Paul Biya<\/figcaption><\/figure>\n<p><a href=\"https:\/\/kribicamerouninfos.net\/index.php\/kribi-cameroun-des-elites-prient-pour-le-chef-de-letat\/img_20250215_140047\/\" rel=\"attachment wp-att-1087\"><img loading=\"lazy\" decoding=\"async\" class=\"aligncenter size-medium wp-image-1087\" src=\"http:\/\/kribicamerouninfos.net\/wp-content\/uploads\/2025\/02\/IMG_20250215_140047-300x142.png\" alt=\"\" width=\"300\" height=\"142\" srcset=\"https:\/\/kribicamerouninfos.net\/wp-content\/uploads\/2025\/02\/IMG_20250215_140047-300x142.png 300w, https:\/\/kribicamerouninfos.net\/wp-content\/uploads\/2025\/02\/IMG_20250215_140047-1024x485.png 1024w, https:\/\/kribicamerouninfos.net\/wp-content\/uploads\/2025\/02\/IMG_20250215_140047-768x363.png 768w, https:\/\/kribicamerouninfos.net\/wp-content\/uploads\/2025\/02\/IMG_20250215_140047.png 1080w\" sizes=\"auto, (max-width: 300px) 100vw, 300px\" \/><\/a> <a href=\"https:\/\/kribicamerouninfos.net\/index.php\/kribi-cameroun-des-elites-prient-pour-le-chef-de-letat\/img_20250215_140112\/\" rel=\"attachment wp-att-1088\"><img loading=\"lazy\" decoding=\"async\" class=\"aligncenter size-medium wp-image-1088\" src=\"http:\/\/kribicamerouninfos.net\/wp-content\/uploads\/2025\/02\/IMG_20250215_140112-300x169.png\" alt=\"\" width=\"300\" height=\"169\" srcset=\"https:\/\/kribicamerouninfos.net\/wp-content\/uploads\/2025\/02\/IMG_20250215_140112-300x169.png 300w, https:\/\/kribicamerouninfos.net\/wp-content\/uploads\/2025\/02\/IMG_20250215_140112-1024x576.png 1024w, https:\/\/kribicamerouninfos.net\/wp-content\/uploads\/2025\/02\/IMG_20250215_140112-768x432.png 768w, https:\/\/kribicamerouninfos.net\/wp-content\/uploads\/2025\/02\/IMG_20250215_140112-800x450.png 800w, https:\/\/kribicamerouninfos.net\/wp-content\/uploads\/2025\/02\/IMG_20250215_140112.png 1080w\" sizes=\"auto, (max-width: 300px) 100vw, 300px\" \/><\/a><\/p>\n<p>C&rsquo;est autour de 17 heures que la c\u00e9r\u00e9monie organis\u00e9e par l&rsquo;\u00e9lite oceanaise, au premier chef le notaire ma\u00eetre madeleine Solange Ekitike, par ailleurs premier adjoint au maire de la ville de Kribi, \u00e0 d\u00e9marr\u00e9 avec l&rsquo;arriv\u00e9e du prefet de l&rsquo;Oc\u00e9an Nouhou Bello.<br \/>\nL&rsquo;on a pu voir \u00e0 cette c\u00e9r\u00e9monie la pr\u00e9sence remarquable d&rsquo;un parterre de responsables politiques, administratifs, des ministres du culte de diff\u00e9rentes confessions religieuses ainsi que les chefs traditionnels et une foule venue de plusieurs localit\u00e9s de l&rsquo;Oc\u00e9an. Tout ce beau monde s&rsquo;est d\u00e9plac\u00e9 pour prier en faveur du p\u00e8re de la nation et pour la paix au cameroun.<\/p>\n<figure id=\"attachment_1089\" aria-describedby=\"caption-attachment-1089\" style=\"width: 300px\" class=\"wp-caption aligncenter\"><a href=\"https:\/\/kribicamerouninfos.net\/index.php\/kribi-cameroun-des-elites-prient-pour-le-chef-de-letat\/nor-3\/\" rel=\"attachment wp-att-1089\"><img loading=\"lazy\" decoding=\"async\" class=\"size-medium wp-image-1089\" src=\"http:\/\/kribicamerouninfos.net\/wp-content\/uploads\/2025\/02\/IMG_20250213_172612-300x169.jpg\" alt=\"Des \u00e9lites de Kribi prient pour le pr\u00e9sident Paul Biya\" width=\"300\" height=\"169\" srcset=\"https:\/\/kribicamerouninfos.net\/wp-content\/uploads\/2025\/02\/IMG_20250213_172612-300x169.jpg 300w, https:\/\/kribicamerouninfos.net\/wp-content\/uploads\/2025\/02\/IMG_20250213_172612-1024x576.jpg 1024w, https:\/\/kribicamerouninfos.net\/wp-content\/uploads\/2025\/02\/IMG_20250213_172612-768x432.jpg 768w, https:\/\/kribicamerouninfos.net\/wp-content\/uploads\/2025\/02\/IMG_20250213_172612-800x450.jpg 800w, https:\/\/kribicamerouninfos.net\/wp-content\/uploads\/2025\/02\/IMG_20250213_172612.jpg 1280w\" sizes=\"auto, (max-width: 300px) 100vw, 300px\" \/><\/a><figcaption id=\"caption-attachment-1089\" class=\"wp-caption-text\">Tous venus prier pour le p\u00e8re de la nation et la paix au Cameroun<\/figcaption><\/figure>\n<figure id=\"attachment_1090\" aria-describedby=\"caption-attachment-1090\" style=\"width: 300px\" class=\"wp-caption aligncenter\"><a href=\"https:\/\/kribicamerouninfos.net\/index.php\/kribi-cameroun-des-elites-prient-pour-le-chef-de-letat\/nor-4\/\" rel=\"attachment wp-att-1090\"><img loading=\"lazy\" decoding=\"async\" class=\"size-medium wp-image-1090\" src=\"http:\/\/kribicamerouninfos.net\/wp-content\/uploads\/2025\/02\/IMG_20250213_170650-300x169.jpg\" alt=\"\" width=\"300\" height=\"169\" srcset=\"https:\/\/kribicamerouninfos.net\/wp-content\/uploads\/2025\/02\/IMG_20250213_170650-300x169.jpg 300w, https:\/\/kribicamerouninfos.net\/wp-content\/uploads\/2025\/02\/IMG_20250213_170650-1024x576.jpg 1024w, https:\/\/kribicamerouninfos.net\/wp-content\/uploads\/2025\/02\/IMG_20250213_170650-768x432.jpg 768w, https:\/\/kribicamerouninfos.net\/wp-content\/uploads\/2025\/02\/IMG_20250213_170650-800x450.jpg 800w, https:\/\/kribicamerouninfos.net\/wp-content\/uploads\/2025\/02\/IMG_20250213_170650.jpg 1280w\" sizes=\"auto, (max-width: 300px) 100vw, 300px\" \/><\/a><figcaption id=\"caption-attachment-1090\" class=\"wp-caption-text\">Le maire Sabikanda<\/figcaption><\/figure>\n<figure id=\"attachment_1091\" aria-describedby=\"caption-attachment-1091\" style=\"width: 300px\" class=\"wp-caption aligncenter\"><a href=\"https:\/\/kribicamerouninfos.net\/index.php\/kribi-cameroun-des-elites-prient-pour-le-chef-de-letat\/dav-11\/\" rel=\"attachment wp-att-1091\"><img loading=\"lazy\" decoding=\"async\" class=\"size-medium wp-image-1091\" src=\"http:\/\/kribicamerouninfos.net\/wp-content\/uploads\/2025\/02\/IMG_20250213_181158-300x225.jpg\" alt=\"\" width=\"300\" height=\"225\" srcset=\"https:\/\/kribicamerouninfos.net\/wp-content\/uploads\/2025\/02\/IMG_20250213_181158-300x225.jpg 300w, https:\/\/kribicamerouninfos.net\/wp-content\/uploads\/2025\/02\/IMG_20250213_181158-1024x768.jpg 1024w, https:\/\/kribicamerouninfos.net\/wp-content\/uploads\/2025\/02\/IMG_20250213_181158-768x576.jpg 768w, https:\/\/kribicamerouninfos.net\/wp-content\/uploads\/2025\/02\/IMG_20250213_181158-1536x1152.jpg 1536w, https:\/\/kribicamerouninfos.net\/wp-content\/uploads\/2025\/02\/IMG_20250213_181158-2048x1536.jpg 2048w, https:\/\/kribicamerouninfos.net\/wp-content\/uploads\/2025\/02\/IMG_20250213_181158-720x540.jpg 720w\" sizes=\"auto, (max-width: 300px) 100vw, 300px\" \/><\/a><figcaption id=\"caption-attachment-1091\" class=\"wp-caption-text\">Le s\u00e9nateur Gr\u00e9goire Mba Mba<\/figcaption><\/figure>\n<figure id=\"attachment_1092\" aria-describedby=\"caption-attachment-1092\" style=\"width: 300px\" class=\"wp-caption aligncenter\"><a href=\"https:\/\/kribicamerouninfos.net\/index.php\/kribi-cameroun-des-elites-prient-pour-le-chef-de-letat\/nor-5\/\" rel=\"attachment wp-att-1092\"><img loading=\"lazy\" decoding=\"async\" class=\"size-medium wp-image-1092\" src=\"http:\/\/kribicamerouninfos.net\/wp-content\/uploads\/2025\/02\/IMG_20250213_170949-300x169.jpg\" alt=\"\" width=\"300\" height=\"169\" srcset=\"https:\/\/kribicamerouninfos.net\/wp-content\/uploads\/2025\/02\/IMG_20250213_170949-300x169.jpg 300w, https:\/\/kribicamerouninfos.net\/wp-content\/uploads\/2025\/02\/IMG_20250213_170949-1024x576.jpg 1024w, https:\/\/kribicamerouninfos.net\/wp-content\/uploads\/2025\/02\/IMG_20250213_170949-768x432.jpg 768w, https:\/\/kribicamerouninfos.net\/wp-content\/uploads\/2025\/02\/IMG_20250213_170949-800x450.jpg 800w, https:\/\/kribicamerouninfos.net\/wp-content\/uploads\/2025\/02\/IMG_20250213_170949.jpg 1280w\" sizes=\"auto, (max-width: 300px) 100vw, 300px\" \/><\/a><figcaption id=\"caption-attachment-1092\" class=\"wp-caption-text\">Des ministres du culte<\/figcaption><\/figure>\n<figure id=\"attachment_1093\" aria-describedby=\"caption-attachment-1093\" style=\"width: 300px\" class=\"wp-caption aligncenter\"><a href=\"https:\/\/kribicamerouninfos.net\/index.php\/kribi-cameroun-des-elites-prient-pour-le-chef-de-letat\/dav-12\/\" rel=\"attachment wp-att-1093\"><img loading=\"lazy\" decoding=\"async\" class=\"size-medium wp-image-1093\" src=\"http:\/\/kribicamerouninfos.net\/wp-content\/uploads\/2025\/02\/IMG_20250213_180941-300x225.jpg\" alt=\"\" width=\"300\" height=\"225\" srcset=\"https:\/\/kribicamerouninfos.net\/wp-content\/uploads\/2025\/02\/IMG_20250213_180941-300x225.jpg 300w, https:\/\/kribicamerouninfos.net\/wp-content\/uploads\/2025\/02\/IMG_20250213_180941-1024x768.jpg 1024w, https:\/\/kribicamerouninfos.net\/wp-content\/uploads\/2025\/02\/IMG_20250213_180941-768x576.jpg 768w, https:\/\/kribicamerouninfos.net\/wp-content\/uploads\/2025\/02\/IMG_20250213_180941-1536x1152.jpg 1536w, https:\/\/kribicamerouninfos.net\/wp-content\/uploads\/2025\/02\/IMG_20250213_180941-2048x1536.jpg 2048w, https:\/\/kribicamerouninfos.net\/wp-content\/uploads\/2025\/02\/IMG_20250213_180941-720x540.jpg 720w\" sizes=\"auto, (max-width: 300px) 100vw, 300px\" \/><\/a><figcaption id=\"caption-attachment-1093\" class=\"wp-caption-text\">Honorable Serge Benae<\/figcaption><\/figure>\n<p>Selon les ministres du culte, il est important de b\u00e9nir le destin sp\u00e9cial d&rsquo;un \u00eatre particulier car malgr\u00e9 son \u00e2ge avanc\u00e9, le pr\u00e9sident Biya continue de poursuivre sa mission, celle que Dieu lui a confi\u00e9, diriger le Cameroun. Le repr\u00e9sentant de l&rsquo;ev\u00eaque du dioc\u00e8se de kribi, L&rsquo;imam et les repr\u00e9sentants des autres religions, ont adress\u00e9 des pri\u00e8res \u00e0 Dieu pour la b\u00e9n\u00e9diction du chef de l&rsquo;Etat.<\/p>\n<p>A pres de 43 ans au pouvoir, cette ann\u00e9e 2025 est une ann\u00e9e d\u00e9cisive et les \u00e9lites de l&rsquo;Oc\u00e9an sont toujours pr\u00eates \u00e0 accompagner le chef de l&rsquo;Etat.<br \/>\n&lt;&lt; en tant que lieutenant du pr\u00e9sident.et fils politique du pr\u00e9sident, nous avons voulu lui dire: monsieur le pr\u00e9sident, nous te souhaitons joyeux anniversaire, nous sommes d\u00e9termin\u00e9s \u00e0 t&rsquo;apporter ce dont tu as besoin, tu as besoins des populations pour t&rsquo;accompagner dans ton r\u00eave qui est celui de faire du Cameroun un pays \u00e9mergeant. Nous sommes pr\u00eats \u00e0 t&rsquo;amener les militants pour la bataille finale&gt;&gt;. A d\u00e9clar\u00e9 le s\u00e9nateur questeur \u00e0 l&rsquo;assembl\u00e9e nationale Gr\u00e9goire MBA MBA.<\/p>\n<p>Cette rencontre \u00e9tait donc un moment de parfaite gratitude et communion pour les fils de l&rsquo;Oc\u00e9an au Pr\u00e9sident Paul Biya. La c\u00e9r\u00e9monie s&rsquo;est achev\u00e9e par la Coupure du g\u00e2teau d&rsquo;anniversaire et le partage d&rsquo;un repas conviviale.<\/p>\n<figure id=\"attachment_1094\" aria-describedby=\"caption-attachment-1094\" style=\"width: 300px\" class=\"wp-caption aligncenter\"><a href=\"https:\/\/kribicamerouninfos.net\/index.php\/kribi-cameroun-des-elites-prient-pour-le-chef-de-letat\/img_20250215_135907\/\" rel=\"attachment wp-att-1094\"><img loading=\"lazy\" decoding=\"async\" class=\"size-medium wp-image-1094\" src=\"http:\/\/kribicamerouninfos.net\/wp-content\/uploads\/2025\/02\/IMG_20250215_135907-300x169.png\" alt=\"C\u00e9l\u00e9bration culte oecum\u00e9nique en faveur du chef de l'\u00c9tat\" width=\"300\" height=\"169\" srcset=\"https:\/\/kribicamerouninfos.net\/wp-content\/uploads\/2025\/02\/IMG_20250215_135907-300x169.png 300w, https:\/\/kribicamerouninfos.net\/wp-content\/uploads\/2025\/02\/IMG_20250215_135907-1024x576.png 1024w, https:\/\/kribicamerouninfos.net\/wp-content\/uploads\/2025\/02\/IMG_20250215_135907-768x432.png 768w, https:\/\/kribicamerouninfos.net\/wp-content\/uploads\/2025\/02\/IMG_20250215_135907-800x450.png 800w, https:\/\/kribicamerouninfos.net\/wp-content\/uploads\/2025\/02\/IMG_20250215_135907.png 1080w\" sizes=\"auto, (max-width: 300px) 100vw, 300px\" \/><\/a><figcaption id=\"caption-attachment-1094\" class=\"wp-caption-text\">Coupure du g\u00e2teau d&rsquo;anniversaire<\/figcaption><\/figure>\n<p><a href=\"https:\/\/kribicamerouninfos.net\/index.php\/kribi-cameroun-des-elites-prient-pour-le-chef-de-letat\/img_20250215_135737\/\" rel=\"attachment wp-att-1095\"><img loading=\"lazy\" decoding=\"async\" class=\"aligncenter size-medium wp-image-1095\" src=\"http:\/\/kribicamerouninfos.net\/wp-content\/uploads\/2025\/02\/IMG_20250215_135737-300x276.png\" alt=\"\" width=\"300\" height=\"276\" srcset=\"https:\/\/kribicamerouninfos.net\/wp-content\/uploads\/2025\/02\/IMG_20250215_135737-300x276.png 300w, https:\/\/kribicamerouninfos.net\/wp-content\/uploads\/2025\/02\/IMG_20250215_135737.png 695w\" sizes=\"auto, (max-width: 300px) 100vw, 300px\" \/><\/a> <a href=\"https:\/\/kribicamerouninfos.net\/index.php\/kribi-cameroun-des-elites-prient-pour-le-chef-de-letat\/img_20250215_135815\/\" rel=\"attachment wp-att-1096\"><img loading=\"lazy\" decoding=\"async\" class=\"aligncenter size-medium wp-image-1096\" src=\"http:\/\/kribicamerouninfos.net\/wp-content\/uploads\/2025\/02\/IMG_20250215_135815-300x168.png\" alt=\"\" width=\"300\" height=\"168\" srcset=\"https:\/\/kribicamerouninfos.net\/wp-content\/uploads\/2025\/02\/IMG_20250215_135815-300x168.png 300w, https:\/\/kribicamerouninfos.net\/wp-content\/uploads\/2025\/02\/IMG_20250215_135815-1024x575.png 1024w, https:\/\/kribicamerouninfos.net\/wp-content\/uploads\/2025\/02\/IMG_20250215_135815-768x431.png 768w, https:\/\/kribicamerouninfos.net\/wp-content\/uploads\/2025\/02\/IMG_20250215_135815-800x450.png 800w, https:\/\/kribicamerouninfos.net\/wp-content\/uploads\/2025\/02\/IMG_20250215_135815.png 1080w\" sizes=\"auto, (max-width: 300px) 100vw, 300px\" \/><\/a> <a href=\"https:\/\/kribicamerouninfos.net\/index.php\/kribi-cameroun-des-elites-prient-pour-le-chef-de-letat\/img_20250215_135836\/\" rel=\"attachment wp-att-1097\"><img loading=\"lazy\" decoding=\"async\" class=\"aligncenter size-medium wp-image-1097\" src=\"http:\/\/kribicamerouninfos.net\/wp-content\/uploads\/2025\/02\/IMG_20250215_135836-300x172.png\" alt=\"\" width=\"300\" height=\"172\" srcset=\"https:\/\/kribicamerouninfos.net\/wp-content\/uploads\/2025\/02\/IMG_20250215_135836-300x172.png 300w, https:\/\/kribicamerouninfos.net\/wp-content\/uploads\/2025\/02\/IMG_20250215_135836-1024x588.png 1024w, https:\/\/kribicamerouninfos.net\/wp-content\/uploads\/2025\/02\/IMG_20250215_135836-768x441.png 768w, https:\/\/kribicamerouninfos.net\/wp-content\/uploads\/2025\/02\/IMG_20250215_135836.png 1080w\" sizes=\"auto, (max-width: 300px) 100vw, 300px\" \/><\/a><\/p>\n","protected":false},"excerpt":{"rendered":"<p>Une c\u00e9l\u00e9bration grandiose pour les 92 ans du pr\u00e9sident Paul Biya s&rsquo;est d\u00e9roul\u00e9e au c\u0153ur<\/p>\n","protected":false},"author":3,"featured_media":1095,"comment_status":"open","ping_status":"open","sticky":false,"template":"","format":"standard","meta":{"footnotes":""},"categories":[222],"tags":[],"class_list":["post-1085","post","type-post","status-publish","format-standard","has-post-thumbnail","hentry","category-politique"],"yoast_head":"<!-- This site is optimized with the Yoast SEO plugin v27.5 - https:\/\/yoast.com\/product\/yoast-seo-wordpress\/ -->\n<title>Kribi-Cameroun: Des \u00e9lites prient pour le Chef de l&#039;\u00c9tat - Kribi Cameroun infos<\/title>\n<meta name=\"description\" content=\"Kribi-Cameroun: Des \u00e9lites prient pour le Chef de l&#039;\u00c9tat - Kribi Cameroun infos - Politique -\" \/>\n<meta name=\"robots\" content=\"index, follow, max-snippet:-1, max-image-preview:large, max-video-preview:-1\" \/>\n<link rel=\"canonical\" href=\"https:\/\/kribicamerouninfos.net\/index.php\/kribi-cameroun-des-elites-prient-pour-le-chef-de-letat\/\" \/>\n<meta property=\"og:locale\" content=\"fr_FR\" \/>\n<meta property=\"og:type\" content=\"article\" \/>\n<meta property=\"og:title\" content=\"Kribi-Cameroun: Des \u00e9lites prient pour le Chef de l&#039;\u00c9tat - Kribi Cameroun infos\" \/>\n<meta property=\"og:description\" content=\"Kribi-Cameroun: Des \u00e9lites prient pour le Chef de l&#039;\u00c9tat - Kribi Cameroun infos - Politique -\" \/>\n<meta property=\"og:url\" content=\"https:\/\/kribicamerouninfos.net\/index.php\/kribi-cameroun-des-elites-prient-pour-le-chef-de-letat\/\" \/>\n<meta property=\"og:site_name\" content=\"Kribi Cameroun infos\" \/>\n<meta property=\"article:published_time\" content=\"2025-02-15T13:32:59+00:00\" \/>\n<meta property=\"og:image\" content=\"http:\/\/kribicamerouninfos.net\/wp-content\/uploads\/2025\/02\/IMG_20250215_135737.png\" \/>\n\t<meta property=\"og:image:width\" content=\"695\" \/>\n\t<meta property=\"og:image:height\" content=\"640\" \/>\n\t<meta property=\"og:image:type\" content=\"image\/png\" \/>\n<meta name=\"author\" content=\"Catherine Danisa Kabeyene\" \/>\n<meta name=\"twitter:card\" content=\"summary_large_image\" \/>\n<meta name=\"twitter:label1\" content=\"\u00c9crit par\" \/>\n\t<meta name=\"twitter:data1\" content=\"Catherine Danisa Kabeyene\" \/>\n\t<meta name=\"twitter:label2\" content=\"Dur\u00e9e de lecture estim\u00e9e\" \/>\n\t<meta name=\"twitter:data2\" content=\"5 minutes\" \/>\n<script type=\"application\/ld+json\" class=\"yoast-schema-graph\">{\"@context\":\"https:\\\/\\\/schema.org\",\"@graph\":[{\"@type\":\"Article\",\"@id\":\"https:\\\/\\\/kribicamerouninfos.net\\\/index.php\\\/kribi-cameroun-des-elites-prient-pour-le-chef-de-letat\\\/#article\",\"isPartOf\":{\"@id\":\"https:\\\/\\\/kribicamerouninfos.net\\\/index.php\\\/kribi-cameroun-des-elites-prient-pour-le-chef-de-letat\\\/\"},\"author\":{\"name\":\"Catherine Danisa Kabeyene\",\"@id\":\"https:\\\/\\\/kribicamerouninfos.net\\\/#\\\/schema\\\/person\\\/e3d26ae0ce08b69c34c4cd563db5542e\"},\"headline\":\"Kribi-Cameroun: Des \u00e9lites prient pour le Chef de l&rsquo;\u00c9tat\",\"datePublished\":\"2025-02-15T13:32:59+00:00\",\"mainEntityOfPage\":{\"@id\":\"https:\\\/\\\/kribicamerouninfos.net\\\/index.php\\\/kribi-cameroun-des-elites-prient-pour-le-chef-de-letat\\\/\"},\"wordCount\":588,\"commentCount\":0,\"publisher\":{\"@id\":\"https:\\\/\\\/kribicamerouninfos.net\\\/#organization\"},\"image\":{\"@id\":\"https:\\\/\\\/kribicamerouninfos.net\\\/index.php\\\/kribi-cameroun-des-elites-prient-pour-le-chef-de-letat\\\/#primaryimage\"},\"thumbnailUrl\":\"https:\\\/\\\/kribicamerouninfos.net\\\/wp-content\\\/uploads\\\/2025\\\/02\\\/IMG_20250215_135737.png\",\"articleSection\":[\"Politique\"],\"inLanguage\":\"fr-FR\",\"potentialAction\":[{\"@type\":\"CommentAction\",\"name\":\"Comment\",\"target\":[\"https:\\\/\\\/kribicamerouninfos.net\\\/index.php\\\/kribi-cameroun-des-elites-prient-pour-le-chef-de-letat\\\/#respond\"]}]},{\"@type\":\"WebPage\",\"@id\":\"https:\\\/\\\/kribicamerouninfos.net\\\/index.php\\\/kribi-cameroun-des-elites-prient-pour-le-chef-de-letat\\\/\",\"url\":\"https:\\\/\\\/kribicamerouninfos.net\\\/index.php\\\/kribi-cameroun-des-elites-prient-pour-le-chef-de-letat\\\/\",\"name\":\"Kribi-Cameroun: Des \u00e9lites prient pour le Chef de l'\u00c9tat - Kribi Cameroun infos\",\"isPartOf\":{\"@id\":\"https:\\\/\\\/kribicamerouninfos.net\\\/#website\"},\"primaryImageOfPage\":{\"@id\":\"https:\\\/\\\/kribicamerouninfos.net\\\/index.php\\\/kribi-cameroun-des-elites-prient-pour-le-chef-de-letat\\\/#primaryimage\"},\"image\":{\"@id\":\"https:\\\/\\\/kribicamerouninfos.net\\\/index.php\\\/kribi-cameroun-des-elites-prient-pour-le-chef-de-letat\\\/#primaryimage\"},\"thumbnailUrl\":\"https:\\\/\\\/kribicamerouninfos.net\\\/wp-content\\\/uploads\\\/2025\\\/02\\\/IMG_20250215_135737.png\",\"datePublished\":\"2025-02-15T13:32:59+00:00\",\"description\":\"Kribi-Cameroun: Des \u00e9lites prient pour le Chef de l'\u00c9tat - Kribi Cameroun infos - Politique -\",\"breadcrumb\":{\"@id\":\"https:\\\/\\\/kribicamerouninfos.net\\\/index.php\\\/kribi-cameroun-des-elites-prient-pour-le-chef-de-letat\\\/#breadcrumb\"},\"inLanguage\":\"fr-FR\",\"potentialAction\":[{\"@type\":\"ReadAction\",\"target\":[\"https:\\\/\\\/kribicamerouninfos.net\\\/index.php\\\/kribi-cameroun-des-elites-prient-pour-le-chef-de-letat\\\/\"]}]},{\"@type\":\"ImageObject\",\"inLanguage\":\"fr-FR\",\"@id\":\"https:\\\/\\\/kribicamerouninfos.net\\\/index.php\\\/kribi-cameroun-des-elites-prient-pour-le-chef-de-letat\\\/#primaryimage\",\"url\":\"https:\\\/\\\/kribicamerouninfos.net\\\/wp-content\\\/uploads\\\/2025\\\/02\\\/IMG_20250215_135737.png\",\"contentUrl\":\"https:\\\/\\\/kribicamerouninfos.net\\\/wp-content\\\/uploads\\\/2025\\\/02\\\/IMG_20250215_135737.png\",\"width\":695,\"height\":640},{\"@type\":\"BreadcrumbList\",\"@id\":\"https:\\\/\\\/kribicamerouninfos.net\\\/index.php\\\/kribi-cameroun-des-elites-prient-pour-le-chef-de-letat\\\/#breadcrumb\",\"itemListElement\":[{\"@type\":\"ListItem\",\"position\":1,\"name\":\"Accueil\",\"item\":\"https:\\\/\\\/kribicamerouninfos.net\\\/\"},{\"@type\":\"ListItem\",\"position\":2,\"name\":\"A Kribi on prie pour le pr\u00e9sident Paul Biya\"}]},{\"@type\":\"WebSite\",\"@id\":\"https:\\\/\\\/kribicamerouninfos.net\\\/#website\",\"url\":\"https:\\\/\\\/kribicamerouninfos.net\\\/\",\"name\":\"Kribi Cameroun infos\",\"description\":\"Site d&#039;informations g\u00e9n\u00e9rales\",\"publisher\":{\"@id\":\"https:\\\/\\\/kribicamerouninfos.net\\\/#organization\"},\"potentialAction\":[{\"@type\":\"SearchAction\",\"target\":{\"@type\":\"EntryPoint\",\"urlTemplate\":\"https:\\\/\\\/kribicamerouninfos.net\\\/?s={search_term_string}\"},\"query-input\":{\"@type\":\"PropertyValueSpecification\",\"valueRequired\":true,\"valueName\":\"search_term_string\"}}],\"inLanguage\":\"fr-FR\"},{\"@type\":\"Organization\",\"@id\":\"https:\\\/\\\/kribicamerouninfos.net\\\/#organization\",\"name\":\"Kribi Cameroun infos\",\"url\":\"https:\\\/\\\/kribicamerouninfos.net\\\/\",\"logo\":{\"@type\":\"ImageObject\",\"inLanguage\":\"fr-FR\",\"@id\":\"https:\\\/\\\/kribicamerouninfos.net\\\/#\\\/schema\\\/logo\\\/image\\\/\",\"url\":\"https:\\\/\\\/kribicamerouninfos.net\\\/wp-content\\\/uploads\\\/2025\\\/12\\\/cropped-logo_site.png\",\"contentUrl\":\"https:\\\/\\\/kribicamerouninfos.net\\\/wp-content\\\/uploads\\\/2025\\\/12\\\/cropped-logo_site.png\",\"width\":343,\"height\":90,\"caption\":\"Kribi Cameroun infos\"},\"image\":{\"@id\":\"https:\\\/\\\/kribicamerouninfos.net\\\/#\\\/schema\\\/logo\\\/image\\\/\"}},{\"@type\":\"Person\",\"@id\":\"https:\\\/\\\/kribicamerouninfos.net\\\/#\\\/schema\\\/person\\\/e3d26ae0ce08b69c34c4cd563db5542e\",\"name\":\"Catherine Danisa Kabeyene\",\"image\":{\"@type\":\"ImageObject\",\"inLanguage\":\"fr-FR\",\"@id\":\"https:\\\/\\\/secure.gravatar.com\\\/avatar\\\/2d8a083898ab5ec28c87079dd407e64d81495892bb9384e7af7bd1c76e04af98?s=96&d=mm&r=g\",\"url\":\"https:\\\/\\\/secure.gravatar.com\\\/avatar\\\/2d8a083898ab5ec28c87079dd407e64d81495892bb9384e7af7bd1c76e04af98?s=96&d=mm&r=g\",\"contentUrl\":\"https:\\\/\\\/secure.gravatar.com\\\/avatar\\\/2d8a083898ab5ec28c87079dd407e64d81495892bb9384e7af7bd1c76e04af98?s=96&d=mm&r=g\",\"caption\":\"Catherine Danisa Kabeyene\"},\"description\":\"\u00c2g\u00e9e de 28 ans, Catherine Danisa Kabeyene est une jeune journaliste form\u00e9e, dot\u00e9e d'un talent inn\u00e9 en journalisme o\u00f9 elle jouit d'une exp\u00e9rience de plus de trois ans de pratique du m\u00e9tier.\",\"sameAs\":[\"http:\\\/\\\/www.kribicamerouninfos.net\"],\"url\":\"https:\\\/\\\/kribicamerouninfos.net\\\/index.php\\\/author\\\/catherine-kabeyene\\\/\"}]}<\/script>\n<!-- \/ Yoast SEO plugin. -->","yoast_head_json":{"title":"Kribi-Cameroun: Des \u00e9lites prient pour le Chef de l'\u00c9tat - Kribi Cameroun infos","description":"Kribi-Cameroun: Des \u00e9lites prient pour le Chef de l'\u00c9tat - Kribi Cameroun infos - Politique -","robots":{"index":"index","follow":"follow","max-snippet":"max-snippet:-1","max-image-preview":"max-image-preview:large","max-video-preview":"max-video-preview:-1"},"canonical":"https:\/\/kribicamerouninfos.net\/index.php\/kribi-cameroun-des-elites-prient-pour-le-chef-de-letat\/","og_locale":"fr_FR","og_type":"article","og_title":"Kribi-Cameroun: Des \u00e9lites prient pour le Chef de l'\u00c9tat - Kribi Cameroun infos","og_description":"Kribi-Cameroun: Des \u00e9lites prient pour le Chef de l'\u00c9tat - Kribi Cameroun infos - Politique -","og_url":"https:\/\/kribicamerouninfos.net\/index.php\/kribi-cameroun-des-elites-prient-pour-le-chef-de-letat\/","og_site_name":"Kribi Cameroun infos","article_published_time":"2025-02-15T13:32:59+00:00","og_image":[{"width":695,"height":640,"url":"http:\/\/kribicamerouninfos.net\/wp-content\/uploads\/2025\/02\/IMG_20250215_135737.png","type":"image\/png"}],"author":"Catherine Danisa Kabeyene","twitter_card":"summary_large_image","twitter_misc":{"\u00c9crit par":"Catherine Danisa Kabeyene","Dur\u00e9e de lecture estim\u00e9e":"5 minutes"},"schema":{"@context":"https:\/\/schema.org","@graph":[{"@type":"Article","@id":"https:\/\/kribicamerouninfos.net\/index.php\/kribi-cameroun-des-elites-prient-pour-le-chef-de-letat\/#article","isPartOf":{"@id":"https:\/\/kribicamerouninfos.net\/index.php\/kribi-cameroun-des-elites-prient-pour-le-chef-de-letat\/"},"author":{"name":"Catherine Danisa Kabeyene","@id":"https:\/\/kribicamerouninfos.net\/#\/schema\/person\/e3d26ae0ce08b69c34c4cd563db5542e"},"headline":"Kribi-Cameroun: Des \u00e9lites prient pour le Chef de l&rsquo;\u00c9tat","datePublished":"2025-02-15T13:32:59+00:00","mainEntityOfPage":{"@id":"https:\/\/kribicamerouninfos.net\/index.php\/kribi-cameroun-des-elites-prient-pour-le-chef-de-letat\/"},"wordCount":588,"commentCount":0,"publisher":{"@id":"https:\/\/kribicamerouninfos.net\/#organization"},"image":{"@id":"https:\/\/kribicamerouninfos.net\/index.php\/kribi-cameroun-des-elites-prient-pour-le-chef-de-letat\/#primaryimage"},"thumbnailUrl":"https:\/\/kribicamerouninfos.net\/wp-content\/uploads\/2025\/02\/IMG_20250215_135737.png","articleSection":["Politique"],"inLanguage":"fr-FR","potentialAction":[{"@type":"CommentAction","name":"Comment","target":["https:\/\/kribicamerouninfos.net\/index.php\/kribi-cameroun-des-elites-prient-pour-le-chef-de-letat\/#respond"]}]},{"@type":"WebPage","@id":"https:\/\/kribicamerouninfos.net\/index.php\/kribi-cameroun-des-elites-prient-pour-le-chef-de-letat\/","url":"https:\/\/kribicamerouninfos.net\/index.php\/kribi-cameroun-des-elites-prient-pour-le-chef-de-letat\/","name":"Kribi-Cameroun: Des \u00e9lites prient pour le Chef de l'\u00c9tat - Kribi Cameroun infos","isPartOf":{"@id":"https:\/\/kribicamerouninfos.net\/#website"},"primaryImageOfPage":{"@id":"https:\/\/kribicamerouninfos.net\/index.php\/kribi-cameroun-des-elites-prient-pour-le-chef-de-letat\/#primaryimage"},"image":{"@id":"https:\/\/kribicamerouninfos.net\/index.php\/kribi-cameroun-des-elites-prient-pour-le-chef-de-letat\/#primaryimage"},"thumbnailUrl":"https:\/\/kribicamerouninfos.net\/wp-content\/uploads\/2025\/02\/IMG_20250215_135737.png","datePublished":"2025-02-15T13:32:59+00:00","description":"Kribi-Cameroun: Des \u00e9lites prient pour le Chef de l'\u00c9tat - Kribi Cameroun infos - Politique -","breadcrumb":{"@id":"https:\/\/kribicamerouninfos.net\/index.php\/kribi-cameroun-des-elites-prient-pour-le-chef-de-letat\/#breadcrumb"},"inLanguage":"fr-FR","potentialAction":[{"@type":"ReadAction","target":["https:\/\/kribicamerouninfos.net\/index.php\/kribi-cameroun-des-elites-prient-pour-le-chef-de-letat\/"]}]},{"@type":"ImageObject","inLanguage":"fr-FR","@id":"https:\/\/kribicamerouninfos.net\/index.php\/kribi-cameroun-des-elites-prient-pour-le-chef-de-letat\/#primaryimage","url":"https:\/\/kribicamerouninfos.net\/wp-content\/uploads\/2025\/02\/IMG_20250215_135737.png","contentUrl":"https:\/\/kribicamerouninfos.net\/wp-content\/uploads\/2025\/02\/IMG_20250215_135737.png","width":695,"height":640},{"@type":"BreadcrumbList","@id":"https:\/\/kribicamerouninfos.net\/index.php\/kribi-cameroun-des-elites-prient-pour-le-chef-de-letat\/#breadcrumb","itemListElement":[{"@type":"ListItem","position":1,"name":"Accueil","item":"https:\/\/kribicamerouninfos.net\/"},{"@type":"ListItem","position":2,"name":"A Kribi on prie pour le pr\u00e9sident Paul Biya"}]},{"@type":"WebSite","@id":"https:\/\/kribicamerouninfos.net\/#website","url":"https:\/\/kribicamerouninfos.net\/","name":"Kribi Cameroun infos","description":"Site d&#039;informations g\u00e9n\u00e9rales","publisher":{"@id":"https:\/\/kribicamerouninfos.net\/#organization"},"potentialAction":[{"@type":"SearchAction","target":{"@type":"EntryPoint","urlTemplate":"https:\/\/kribicamerouninfos.net\/?s={search_term_string}"},"query-input":{"@type":"PropertyValueSpecification","valueRequired":true,"valueName":"search_term_string"}}],"inLanguage":"fr-FR"},{"@type":"Organization","@id":"https:\/\/kribicamerouninfos.net\/#organization","name":"Kribi Cameroun infos","url":"https:\/\/kribicamerouninfos.net\/","logo":{"@type":"ImageObject","inLanguage":"fr-FR","@id":"https:\/\/kribicamerouninfos.net\/#\/schema\/logo\/image\/","url":"https:\/\/kribicamerouninfos.net\/wp-content\/uploads\/2025\/12\/cropped-logo_site.png","contentUrl":"https:\/\/kribicamerouninfos.net\/wp-content\/uploads\/2025\/12\/cropped-logo_site.png","width":343,"height":90,"caption":"Kribi Cameroun infos"},"image":{"@id":"https:\/\/kribicamerouninfos.net\/#\/schema\/logo\/image\/"}},{"@type":"Person","@id":"https:\/\/kribicamerouninfos.net\/#\/schema\/person\/e3d26ae0ce08b69c34c4cd563db5542e","name":"Catherine Danisa Kabeyene","image":{"@type":"ImageObject","inLanguage":"fr-FR","@id":"https:\/\/secure.gravatar.com\/avatar\/2d8a083898ab5ec28c87079dd407e64d81495892bb9384e7af7bd1c76e04af98?s=96&d=mm&r=g","url":"https:\/\/secure.gravatar.com\/avatar\/2d8a083898ab5ec28c87079dd407e64d81495892bb9384e7af7bd1c76e04af98?s=96&d=mm&r=g","contentUrl":"https:\/\/secure.gravatar.com\/avatar\/2d8a083898ab5ec28c87079dd407e64d81495892bb9384e7af7bd1c76e04af98?s=96&d=mm&r=g","caption":"Catherine Danisa Kabeyene"},"description":"\u00c2g\u00e9e de 28 ans, Catherine Danisa Kabeyene est une jeune journaliste form\u00e9e, dot\u00e9e d'un talent inn\u00e9 en journalisme o\u00f9 elle jouit d'une exp\u00e9rience de plus de trois ans de pratique du m\u00e9tier.","sameAs":["http:\/\/www.kribicamerouninfos.net"],"url":"https:\/\/kribicamerouninfos.net\/index.php\/author\/catherine-kabeyene\/"}]}},"_links":{"self":[{"href":"https:\/\/kribicamerouninfos.net\/index.php\/wp-json\/wp\/v2\/posts\/1085","targetHints":{"allow":["GET"]}}],"collection":[{"href":"https:\/\/kribicamerouninfos.net\/index.php\/wp-json\/wp\/v2\/posts"}],"about":[{"href":"https:\/\/kribicamerouninfos.net\/index.php\/wp-json\/wp\/v2\/types\/post"}],"author":[{"embeddable":true,"href":"https:\/\/kribicamerouninfos.net\/index.php\/wp-json\/wp\/v2\/users\/3"}],"replies":[{"embeddable":true,"href":"https:\/\/kribicamerouninfos.net\/index.php\/wp-json\/wp\/v2\/comments?post=1085"}],"version-history":[{"count":2,"href":"https:\/\/kribicamerouninfos.net\/index.php\/wp-json\/wp\/v2\/posts\/1085\/revisions"}],"predecessor-version":[{"id":1099,"href":"https:\/\/kribicamerouninfos.net\/index.php\/wp-json\/wp\/v2\/posts\/1085\/revisions\/1099"}],"wp:featuredmedia":[{"embeddable":true,"href":"https:\/\/kribicamerouninfos.net\/index.php\/wp-json\/wp\/v2\/media\/1095"}],"wp:attachment":[{"href":"https:\/\/kribicamerouninfos.net\/index.php\/wp-json\/wp\/v2\/media?parent=1085"}],"wp:term":[{"taxonomy":"category","embeddable":true,"href":"https:\/\/kribicamerouninfos.net\/index.php\/wp-json\/wp\/v2\/categories?post=1085"},{"taxonomy":"post_tag","embeddable":true,"href":"https:\/\/kribicamerouninfos.net\/index.php\/wp-json\/wp\/v2\/tags?post=1085"}],"curies":[{"name":"wp","href":"https:\/\/api.w.org\/{rel}","templated":true}]}}