{"id":1349,"date":"2025-04-23T20:52:37","date_gmt":"2025-04-23T19:52:37","guid":{"rendered":"https:\/\/kribicamerouninfos.net\/?p=1349"},"modified":"2025-04-23T21:19:01","modified_gmt":"2025-04-23T20:19:01","slug":"ville-de-kribi-un-nouveau-directeur-aux-commandes-de-lhopital-regional-annexe","status":"publish","type":"post","link":"https:\/\/kribicamerouninfos.net\/index.php\/ville-de-kribi-un-nouveau-directeur-aux-commandes-de-lhopital-regional-annexe\/","title":{"rendered":"Ville de Kribi : un nouveau Directeur aux commandes de l&rsquo;h\u00f4pital r\u00e9gional annexe"},"content":{"rendered":"<blockquote><p><em><strong>Le Dr Romuald Hentchoya, m\u00e9decin anesth\u00e9siste r\u00e9animateur-urgenstiste a officiellement pris fonction lundi 21 avril en remplacement du Dr Saurel Ngo&rsquo;o Mebe, promu \u00e0 la fonction de d\u00e9l\u00e9gu\u00e9 r\u00e9gional de la sant\u00e9 publique du Littoral \u00e0 Douala.<\/strong><\/em><\/p><\/blockquote>\n<p>L&rsquo;h\u00f4pital r\u00e9gional Annexe de kribi\u00a0 l&rsquo;un des plus vieux \u00e9tablissements de sant\u00e9 au Cameroun et partant dans la r\u00e9gion du Sud a r\u00e9cemment connu une transition de direction. Le directeur sortant, promu \u00e0 la fonction de\u00a0 d\u00e9l\u00e9gu\u00e9 r\u00e9gional des soins sanitaires du Littoral le Dr Sorel Ngo&rsquo;o Mebe, a c\u00e9d\u00e9 le gouvernail au Dr Romuald Hentchoya, m\u00e9decin anesth\u00e9siste r\u00e9animateur-urgenstiste. Un professionnel reconnu pour son engagement envers la sant\u00e9 publique. Cette passation s&rsquo;inscrit dans un contexte o\u00f9 le syst\u00e8me de sant\u00e9 avec le d\u00e9veloppement d\u00e9mographique de la ville, n\u00e9cessit\u00e9 une attention particuli\u00e8re. D&rsquo;autant plus que kribi devient une ville importante. Et comme toute grande ville, cela entraine plus d&rsquo;accidents, et plus de patients aux pathologies diverses.\u00a0 Toute chose qui\u00a0 implique un rel\u00e8vement du plateau technique avec\u00a0 ce que cela comporte. Notamment un personnel qualifi\u00e9 et le mat\u00e9riel m\u00e9dical de pointes.<\/p>\n<figure id=\"attachment_1350\" aria-describedby=\"caption-attachment-1350\" style=\"width: 300px\" class=\"wp-caption aligncenter\"><a href=\"https:\/\/kribicamerouninfos.net\/index.php\/ville-de-kribi-un-nouveau-directeur-aux-commandes-de-lhopital-regional-annexe\/img_20250422_210229\/\" rel=\"attachment wp-att-1350\"><img loading=\"lazy\" decoding=\"async\" class=\"size-medium wp-image-1350\" src=\"http:\/\/kribicamerouninfos.net\/wp-content\/uploads\/2025\/04\/IMG_20250422_210229-300x141.jpg\" alt=\"Ville de Kribi un nouveau Directeur \u00e0 la t\u00eate de l'h\u00f4pital r\u00e9gional annexe \" width=\"300\" height=\"141\" srcset=\"https:\/\/kribicamerouninfos.net\/wp-content\/uploads\/2025\/04\/IMG_20250422_210229-300x141.jpg 300w, https:\/\/kribicamerouninfos.net\/wp-content\/uploads\/2025\/04\/IMG_20250422_210229.jpg 720w\" sizes=\"auto, (max-width: 300px) 100vw, 300px\" \/><\/a><figcaption id=\"caption-attachment-1350\" class=\"wp-caption-text\">Le personnel soignant et le hi\u00e9rarchie de l&rsquo;h\u00f4pital r\u00e9gional annexe de Kribi<\/figcaption><\/figure>\n<p><a href=\"https:\/\/kribicamerouninfos.net\/index.php\/ville-de-kribi-un-nouveau-directeur-aux-commandes-de-lhopital-regional-annexe\/img_20250422_210348\/\" rel=\"attachment wp-att-1351\"><img loading=\"lazy\" decoding=\"async\" class=\"aligncenter size-medium wp-image-1351\" src=\"http:\/\/kribicamerouninfos.net\/wp-content\/uploads\/2025\/04\/IMG_20250422_210348-300x146.jpg\" alt=\"\" width=\"300\" height=\"146\" srcset=\"https:\/\/kribicamerouninfos.net\/wp-content\/uploads\/2025\/04\/IMG_20250422_210348-300x146.jpg 300w, https:\/\/kribicamerouninfos.net\/wp-content\/uploads\/2025\/04\/IMG_20250422_210348.jpg 720w\" sizes=\"auto, (max-width: 300px) 100vw, 300px\" \/><\/a><\/p>\n<p>Dans son allocution le directeur sortant le Dr sorel Ngo&rsquo;o Mebe partag\u00e9 entre le bonheur d&rsquo;\u00eatre promu et la tristesse de laisser les siens, s&rsquo;est tout de m\u00eame dit heureux de revoir le personnel de l&rsquo;h\u00f4pital r\u00e9gional Annexe de kribi qui lui a tout donn\u00e9 et avec qui il a entretenu une relation de pr\u00e8s de trois ans, en pr\u00e9cisant que les r\u00e9sultats obtenus dans cet h\u00f4pital n&rsquo;\u00e9taient que le fruit d&rsquo;un travail collectif et de la conjugaison des efforts de tout un chacun.<\/p>\n<p>Le nouveau directeur, le Dr Romuald Hentchoya quant \u00e0 lui, qui exer\u00e7ait autrefois comme directeur \u00e0 l&rsquo;h\u00f4pital de Nylon, devra faire face \u00e0 plusieurs d\u00e9fis tels que la r\u00e9alisation des projets \u00e0 savoir la dotation de l&rsquo;h\u00f4pital d&rsquo;un service des urgences publiques, un bloc operatoire et la r\u00e9habilitation de la morgue. Il devra \u00e9galement renforcer le niveau des soins avec les formations sanitaires autour, s&rsquo;assurer de la couverture sant\u00e9 universelle (CSU),la prise en charge des enfants de 0-5 ans, la prise en charge des personnes vivants avec le VIH, la tuberculose et la vaccination. Au del\u00e0 de maintenir les performances sanitaires, il faudrait \u00e9galement maintenir le climat social ainsi que la qualit\u00e9 de la collaboration avec la d\u00e9l\u00e9gation r\u00e9gionale ,l&rsquo;autorit\u00e9 administrative et la population.<\/p>\n<figure id=\"attachment_1352\" aria-describedby=\"caption-attachment-1352\" style=\"width: 300px\" class=\"wp-caption aligncenter\"><a href=\"https:\/\/kribicamerouninfos.net\/index.php\/ville-de-kribi-un-nouveau-directeur-aux-commandes-de-lhopital-regional-annexe\/img_20250422_205942\/\" rel=\"attachment wp-att-1352\"><img loading=\"lazy\" decoding=\"async\" class=\"size-medium wp-image-1352\" src=\"http:\/\/kribicamerouninfos.net\/wp-content\/uploads\/2025\/04\/IMG_20250422_205942-300x193.jpg\" alt=\"Le Dr Romuald Hentchoya, m\u00e9decin anesth\u00e9siste r\u00e9animateur-urgenstiste a officiellement pris fonction lundi 21 avril en\" width=\"300\" height=\"193\" srcset=\"https:\/\/kribicamerouninfos.net\/wp-content\/uploads\/2025\/04\/IMG_20250422_205942-300x193.jpg 300w, https:\/\/kribicamerouninfos.net\/wp-content\/uploads\/2025\/04\/IMG_20250422_205942.jpg 629w\" sizes=\"auto, (max-width: 300px) 100vw, 300px\" \/><\/a><figcaption id=\"caption-attachment-1352\" class=\"wp-caption-text\">Le nouveau Directeur a du pain sur la planche.<\/figcaption><\/figure>\n<p><a href=\"https:\/\/kribicamerouninfos.net\/index.php\/ville-de-kribi-un-nouveau-directeur-aux-commandes-de-lhopital-regional-annexe\/img_20250422_210146\/\" rel=\"attachment wp-att-1353\"><img loading=\"lazy\" decoding=\"async\" class=\"aligncenter size-medium wp-image-1353\" src=\"http:\/\/kribicamerouninfos.net\/wp-content\/uploads\/2025\/04\/IMG_20250422_210146-300x143.jpg\" alt=\"\" width=\"300\" height=\"143\" srcset=\"https:\/\/kribicamerouninfos.net\/wp-content\/uploads\/2025\/04\/IMG_20250422_210146-300x143.jpg 300w, https:\/\/kribicamerouninfos.net\/wp-content\/uploads\/2025\/04\/IMG_20250422_210146.jpg 720w\" sizes=\"auto, (max-width: 300px) 100vw, 300px\" \/><\/a><\/p>\n<p>&lt;&lt; il a plu \u00e0 la hi\u00e9rarchie d&rsquo;\u00e9riger l&rsquo;h\u00f4pital de kribi en h\u00f4pital r\u00e9gional Annexe de kribi pour r\u00e9pondre et mettre au niveau du d\u00e9veloppement de la ville les standards en mati\u00e8re de prise en charge et l&rsquo;h\u00f4pital r\u00e9gional Annexe de kribi \u00e9tant la formation leader de la ville, il est n\u00e9cessaire de continuer \u00e0 moderniser son plateau technique et le mettre \u00e0 niveau pour pouvoir prendre en charge toutes les urgences et tous les probl\u00e8mes de sant\u00e9 dans la ville. Nous avons r\u00e9it\u00e9r\u00e9 cela au directeur entrant pour que des maintenant les diff\u00e9rents projets qui sont envisag\u00e9s pour relever les standards de cet h\u00f4pital soient mise en route et que les performances r\u00e9alis\u00e9es soient maintenus si non am\u00e9lior\u00e9es.&gt;&gt; a confi\u00e9 le delegu\u00e9 r\u00e9gional des soins sanitaires du sud Yopndoi Charles \u00e0 cet effet.<\/p>\n<p>La communaut\u00e9 hospitali\u00e8re reste optimiste quant \u00e0 cette transition et esp\u00e8re que les efforts conjoints permettront de maintenir voir d&rsquo;am\u00e9liorer la qualit\u00e9 des soins dans ce prestigieux h\u00f4pital. Le Dr Romuald Hentchoya n&rsquo;a pas manqu\u00e9 d&rsquo;exprimer un sentiment de profonde gratitude \u00e0 l&rsquo;endroit de l&rsquo;Eternel Dieu tout puissant qui lui a permis d&rsquo;\u00eatre \u00e0 cette place, de remercier le Dr Manaouda Malachie le Ministre de la sant\u00e9 publique qui lui a fait confiance et qui impl\u00e9menter avec brio l&rsquo;agenda de transformation du syst\u00e8me de sant\u00e9 du Cameroun &lt;&lt; Monsieur le d\u00e9l\u00e9gu\u00e9 r\u00e9gional a repris la vision du Ministre de la sant\u00e9 publique qui continue avec beaucoup de d\u00e9termination le d\u00e9ploiement de cet agenda de transformation du syst\u00e8me de sant\u00e9 et le cas kribi \u00e0 \u00e9t\u00e9 fix\u00e9 des la transformation de l&rsquo;h\u00f4pital de district en h\u00f4pital r\u00e9gional Annexe. Permettez moi de laisser un peu de suspens pour ce qui est des d\u00e9fis \u00e0 relever.&gt;&gt; a t&rsquo;il ajout\u00e9.<\/p>\n<figure id=\"attachment_1354\" aria-describedby=\"caption-attachment-1354\" style=\"width: 300px\" class=\"wp-caption aligncenter\"><a href=\"https:\/\/kribicamerouninfos.net\/index.php\/ville-de-kribi-un-nouveau-directeur-aux-commandes-de-lhopital-regional-annexe\/img_20250422_210042\/\" rel=\"attachment wp-att-1354\"><img loading=\"lazy\" decoding=\"async\" class=\"size-medium wp-image-1354\" src=\"http:\/\/kribicamerouninfos.net\/wp-content\/uploads\/2025\/04\/IMG_20250422_210042-300x138.jpg\" alt=\"Le Dr Romuald Hentchoya, m\u00e9decin anesth\u00e9siste r\u00e9animateur-urgenstiste a officiellement pris fonction lundi 21 avril en\" width=\"300\" height=\"138\" srcset=\"https:\/\/kribicamerouninfos.net\/wp-content\/uploads\/2025\/04\/IMG_20250422_210042-300x138.jpg 300w, https:\/\/kribicamerouninfos.net\/wp-content\/uploads\/2025\/04\/IMG_20250422_210042.jpg 720w\" sizes=\"auto, (max-width: 300px) 100vw, 300px\" \/><\/a><figcaption id=\"caption-attachment-1354\" class=\"wp-caption-text\">Un travail collectif pour le d\u00e9veloppement et l&rsquo;efficacit\u00e9 des soins sanitaires<\/figcaption><\/figure>\n<p><a href=\"https:\/\/kribicamerouninfos.net\/index.php\/ville-de-kribi-un-nouveau-directeur-aux-commandes-de-lhopital-regional-annexe\/img_20250422_210302\/\" rel=\"attachment wp-att-1355\"><img loading=\"lazy\" decoding=\"async\" class=\"aligncenter size-medium wp-image-1355\" src=\"http:\/\/kribicamerouninfos.net\/wp-content\/uploads\/2025\/04\/IMG_20250422_210302-300x143.jpg\" alt=\"\" width=\"300\" height=\"143\" srcset=\"https:\/\/kribicamerouninfos.net\/wp-content\/uploads\/2025\/04\/IMG_20250422_210302-300x143.jpg 300w, https:\/\/kribicamerouninfos.net\/wp-content\/uploads\/2025\/04\/IMG_20250422_210302.jpg 720w\" sizes=\"auto, (max-width: 300px) 100vw, 300px\" \/><\/a><\/p>\n<p>La c\u00e9r\u00e9monie s&rsquo;est cl\u00f4tur\u00e9e par la signature de la passation de services entre les deux directeurs.<\/p>\n","protected":false},"excerpt":{"rendered":"<p>Le Dr Romuald Hentchoya, m\u00e9decin anesth\u00e9siste r\u00e9animateur-urgenstiste a officiellement pris fonction lundi 21 avril en<\/p>\n","protected":false},"author":3,"featured_media":1352,"comment_status":"open","ping_status":"open","sticky":false,"template":"","format":"standard","meta":{"footnotes":""},"categories":[225],"tags":[262,263],"class_list":["post-1349","post","type-post","status-publish","format-standard","has-post-thumbnail","hentry","category-sante","tag-hopital-regional-annexe-de-kribi","tag-nouveau-directeur"],"yoast_head":"<!-- This site is optimized with the Yoast SEO plugin v27.5 - https:\/\/yoast.com\/product\/yoast-seo-wordpress\/ -->\n<title>Ville de Kribi : un nouveau Directeur aux commandes de l&#039;h\u00f4pital r\u00e9gional annexe - Kribi Cameroun infos<\/title>\n<meta name=\"description\" content=\"- Ville de Kribi : un nouveau Directeur aux commandes de l&#039;h\u00f4pital r\u00e9gional annexe - Kribi Cameroun infos - Sant\u00e9\" \/>\n<meta name=\"robots\" content=\"index, follow, max-snippet:-1, max-image-preview:large, max-video-preview:-1\" \/>\n<link rel=\"canonical\" href=\"https:\/\/kribicamerouninfos.net\/index.php\/ville-de-kribi-un-nouveau-directeur-aux-commandes-de-lhopital-regional-annexe\/\" \/>\n<meta property=\"og:locale\" content=\"fr_FR\" \/>\n<meta property=\"og:type\" content=\"article\" \/>\n<meta property=\"og:title\" content=\"Sant\u00e9 - Ville de Kribi : un nouveau Directeur aux commandes de l&#039;h\u00f4pital r\u00e9gional annexe - Kribi Cameroun infos\" \/>\n<meta property=\"og:description\" content=\"- Sant\u00e9 - Ville de Kribi : un nouveau Directeur aux commandes de l&#039;h\u00f4pital r\u00e9gional annexe - Kribi Cameroun infos\" \/>\n<meta property=\"og:url\" content=\"https:\/\/kribicamerouninfos.net\/index.php\/ville-de-kribi-un-nouveau-directeur-aux-commandes-de-lhopital-regional-annexe\/\" \/>\n<meta property=\"og:site_name\" content=\"Kribi Cameroun infos\" \/>\n<meta property=\"article:published_time\" content=\"2025-04-23T19:52:37+00:00\" \/>\n<meta property=\"article:modified_time\" content=\"2025-04-23T20:19:01+00:00\" \/>\n<meta property=\"og:image\" content=\"http:\/\/kribicamerouninfos.net\/wp-content\/uploads\/2025\/04\/IMG_20250422_210146.jpg\" \/>\n\t<meta property=\"og:image:width\" content=\"720\" \/>\n\t<meta property=\"og:image:height\" content=\"342\" \/>\n\t<meta property=\"og:image:type\" content=\"image\/jpeg\" \/>\n<meta name=\"author\" content=\"Catherine Danisa Kabeyene\" \/>\n<meta name=\"twitter:card\" content=\"summary_large_image\" \/>\n<meta name=\"twitter:label1\" content=\"\u00c9crit par\" \/>\n\t<meta name=\"twitter:data1\" content=\"Catherine Danisa Kabeyene\" \/>\n\t<meta name=\"twitter:label2\" content=\"Dur\u00e9e de lecture estim\u00e9e\" \/>\n\t<meta name=\"twitter:data2\" content=\"5 minutes\" \/>\n<script type=\"application\/ld+json\" class=\"yoast-schema-graph\">{\"@context\":\"https:\\\/\\\/schema.org\",\"@graph\":[{\"@type\":\"Article\",\"@id\":\"https:\\\/\\\/kribicamerouninfos.net\\\/index.php\\\/ville-de-kribi-un-nouveau-directeur-aux-commandes-de-lhopital-regional-annexe\\\/#article\",\"isPartOf\":{\"@id\":\"https:\\\/\\\/kribicamerouninfos.net\\\/index.php\\\/ville-de-kribi-un-nouveau-directeur-aux-commandes-de-lhopital-regional-annexe\\\/\"},\"author\":{\"name\":\"Catherine Danisa Kabeyene\",\"@id\":\"https:\\\/\\\/kribicamerouninfos.net\\\/#\\\/schema\\\/person\\\/e3d26ae0ce08b69c34c4cd563db5542e\"},\"headline\":\"Ville de Kribi : un nouveau Directeur aux commandes de l&rsquo;h\u00f4pital r\u00e9gional annexe\",\"datePublished\":\"2025-04-23T19:52:37+00:00\",\"dateModified\":\"2025-04-23T20:19:01+00:00\",\"mainEntityOfPage\":{\"@id\":\"https:\\\/\\\/kribicamerouninfos.net\\\/index.php\\\/ville-de-kribi-un-nouveau-directeur-aux-commandes-de-lhopital-regional-annexe\\\/\"},\"wordCount\":866,\"commentCount\":0,\"publisher\":{\"@id\":\"https:\\\/\\\/kribicamerouninfos.net\\\/#organization\"},\"image\":{\"@id\":\"https:\\\/\\\/kribicamerouninfos.net\\\/index.php\\\/ville-de-kribi-un-nouveau-directeur-aux-commandes-de-lhopital-regional-annexe\\\/#primaryimage\"},\"thumbnailUrl\":\"https:\\\/\\\/kribicamerouninfos.net\\\/wp-content\\\/uploads\\\/2025\\\/04\\\/IMG_20250422_205942.jpg\",\"keywords\":[\"H\u00f4pital r\u00e9gional annexe de Kribi\",\"nouveau Directeur\"],\"articleSection\":[\"Sant\u00e9\"],\"inLanguage\":\"fr-FR\",\"potentialAction\":[{\"@type\":\"CommentAction\",\"name\":\"Comment\",\"target\":[\"https:\\\/\\\/kribicamerouninfos.net\\\/index.php\\\/ville-de-kribi-un-nouveau-directeur-aux-commandes-de-lhopital-regional-annexe\\\/#respond\"]}]},{\"@type\":\"WebPage\",\"@id\":\"https:\\\/\\\/kribicamerouninfos.net\\\/index.php\\\/ville-de-kribi-un-nouveau-directeur-aux-commandes-de-lhopital-regional-annexe\\\/\",\"url\":\"https:\\\/\\\/kribicamerouninfos.net\\\/index.php\\\/ville-de-kribi-un-nouveau-directeur-aux-commandes-de-lhopital-regional-annexe\\\/\",\"name\":\"Ville de Kribi : un nouveau Directeur aux commandes de l'h\u00f4pital r\u00e9gional annexe - Kribi Cameroun infos\",\"isPartOf\":{\"@id\":\"https:\\\/\\\/kribicamerouninfos.net\\\/#website\"},\"primaryImageOfPage\":{\"@id\":\"https:\\\/\\\/kribicamerouninfos.net\\\/index.php\\\/ville-de-kribi-un-nouveau-directeur-aux-commandes-de-lhopital-regional-annexe\\\/#primaryimage\"},\"image\":{\"@id\":\"https:\\\/\\\/kribicamerouninfos.net\\\/index.php\\\/ville-de-kribi-un-nouveau-directeur-aux-commandes-de-lhopital-regional-annexe\\\/#primaryimage\"},\"thumbnailUrl\":\"https:\\\/\\\/kribicamerouninfos.net\\\/wp-content\\\/uploads\\\/2025\\\/04\\\/IMG_20250422_205942.jpg\",\"datePublished\":\"2025-04-23T19:52:37+00:00\",\"dateModified\":\"2025-04-23T20:19:01+00:00\",\"description\":\"- Ville de Kribi : un nouveau Directeur aux commandes de l'h\u00f4pital r\u00e9gional annexe - Kribi Cameroun infos - Sant\u00e9\",\"breadcrumb\":{\"@id\":\"https:\\\/\\\/kribicamerouninfos.net\\\/index.php\\\/ville-de-kribi-un-nouveau-directeur-aux-commandes-de-lhopital-regional-annexe\\\/#breadcrumb\"},\"inLanguage\":\"fr-FR\",\"potentialAction\":[{\"@type\":\"ReadAction\",\"target\":[\"https:\\\/\\\/kribicamerouninfos.net\\\/index.php\\\/ville-de-kribi-un-nouveau-directeur-aux-commandes-de-lhopital-regional-annexe\\\/\"]}]},{\"@type\":\"ImageObject\",\"inLanguage\":\"fr-FR\",\"@id\":\"https:\\\/\\\/kribicamerouninfos.net\\\/index.php\\\/ville-de-kribi-un-nouveau-directeur-aux-commandes-de-lhopital-regional-annexe\\\/#primaryimage\",\"url\":\"https:\\\/\\\/kribicamerouninfos.net\\\/wp-content\\\/uploads\\\/2025\\\/04\\\/IMG_20250422_205942.jpg\",\"contentUrl\":\"https:\\\/\\\/kribicamerouninfos.net\\\/wp-content\\\/uploads\\\/2025\\\/04\\\/IMG_20250422_205942.jpg\",\"width\":629,\"height\":404,\"caption\":\"Le nouveau Directeur a du pain sur la planche.\"},{\"@type\":\"BreadcrumbList\",\"@id\":\"https:\\\/\\\/kribicamerouninfos.net\\\/index.php\\\/ville-de-kribi-un-nouveau-directeur-aux-commandes-de-lhopital-regional-annexe\\\/#breadcrumb\",\"itemListElement\":[{\"@type\":\"ListItem\",\"position\":1,\"name\":\"Accueil\",\"item\":\"https:\\\/\\\/kribicamerouninfos.net\\\/\"},{\"@type\":\"ListItem\",\"position\":2,\"name\":\"Ville de Kribi : un nouveau Directeur aux commandes de l&rsquo;h\u00f4pital r\u00e9gional annexe\"}]},{\"@type\":\"WebSite\",\"@id\":\"https:\\\/\\\/kribicamerouninfos.net\\\/#website\",\"url\":\"https:\\\/\\\/kribicamerouninfos.net\\\/\",\"name\":\"Kribi Cameroun infos\",\"description\":\"Site d&#039;informations g\u00e9n\u00e9rales\",\"publisher\":{\"@id\":\"https:\\\/\\\/kribicamerouninfos.net\\\/#organization\"},\"potentialAction\":[{\"@type\":\"SearchAction\",\"target\":{\"@type\":\"EntryPoint\",\"urlTemplate\":\"https:\\\/\\\/kribicamerouninfos.net\\\/?s={search_term_string}\"},\"query-input\":{\"@type\":\"PropertyValueSpecification\",\"valueRequired\":true,\"valueName\":\"search_term_string\"}}],\"inLanguage\":\"fr-FR\"},{\"@type\":\"Organization\",\"@id\":\"https:\\\/\\\/kribicamerouninfos.net\\\/#organization\",\"name\":\"Kribi Cameroun infos\",\"url\":\"https:\\\/\\\/kribicamerouninfos.net\\\/\",\"logo\":{\"@type\":\"ImageObject\",\"inLanguage\":\"fr-FR\",\"@id\":\"https:\\\/\\\/kribicamerouninfos.net\\\/#\\\/schema\\\/logo\\\/image\\\/\",\"url\":\"https:\\\/\\\/kribicamerouninfos.net\\\/wp-content\\\/uploads\\\/2025\\\/12\\\/cropped-logo_site.png\",\"contentUrl\":\"https:\\\/\\\/kribicamerouninfos.net\\\/wp-content\\\/uploads\\\/2025\\\/12\\\/cropped-logo_site.png\",\"width\":343,\"height\":90,\"caption\":\"Kribi Cameroun infos\"},\"image\":{\"@id\":\"https:\\\/\\\/kribicamerouninfos.net\\\/#\\\/schema\\\/logo\\\/image\\\/\"}},{\"@type\":\"Person\",\"@id\":\"https:\\\/\\\/kribicamerouninfos.net\\\/#\\\/schema\\\/person\\\/e3d26ae0ce08b69c34c4cd563db5542e\",\"name\":\"Catherine Danisa Kabeyene\",\"image\":{\"@type\":\"ImageObject\",\"inLanguage\":\"fr-FR\",\"@id\":\"https:\\\/\\\/secure.gravatar.com\\\/avatar\\\/2d8a083898ab5ec28c87079dd407e64d81495892bb9384e7af7bd1c76e04af98?s=96&d=mm&r=g\",\"url\":\"https:\\\/\\\/secure.gravatar.com\\\/avatar\\\/2d8a083898ab5ec28c87079dd407e64d81495892bb9384e7af7bd1c76e04af98?s=96&d=mm&r=g\",\"contentUrl\":\"https:\\\/\\\/secure.gravatar.com\\\/avatar\\\/2d8a083898ab5ec28c87079dd407e64d81495892bb9384e7af7bd1c76e04af98?s=96&d=mm&r=g\",\"caption\":\"Catherine Danisa Kabeyene\"},\"description\":\"\u00c2g\u00e9e de 28 ans, Catherine Danisa Kabeyene est une jeune journaliste form\u00e9e, dot\u00e9e d'un talent inn\u00e9 en journalisme o\u00f9 elle jouit d'une exp\u00e9rience de plus de trois ans de pratique du m\u00e9tier.\",\"sameAs\":[\"http:\\\/\\\/www.kribicamerouninfos.net\"],\"url\":\"https:\\\/\\\/kribicamerouninfos.net\\\/index.php\\\/author\\\/catherine-kabeyene\\\/\"}]}<\/script>\n<!-- \/ Yoast SEO plugin. -->","yoast_head_json":{"title":"Ville de Kribi : un nouveau Directeur aux commandes de l'h\u00f4pital r\u00e9gional annexe - Kribi Cameroun infos","description":"- Ville de Kribi : un nouveau Directeur aux commandes de l'h\u00f4pital r\u00e9gional annexe - Kribi Cameroun infos - Sant\u00e9","robots":{"index":"index","follow":"follow","max-snippet":"max-snippet:-1","max-image-preview":"max-image-preview:large","max-video-preview":"max-video-preview:-1"},"canonical":"https:\/\/kribicamerouninfos.net\/index.php\/ville-de-kribi-un-nouveau-directeur-aux-commandes-de-lhopital-regional-annexe\/","og_locale":"fr_FR","og_type":"article","og_title":"Sant\u00e9 - Ville de Kribi : un nouveau Directeur aux commandes de l'h\u00f4pital r\u00e9gional annexe - Kribi Cameroun infos","og_description":"- Sant\u00e9 - Ville de Kribi : un nouveau Directeur aux commandes de l'h\u00f4pital r\u00e9gional annexe - Kribi Cameroun infos","og_url":"https:\/\/kribicamerouninfos.net\/index.php\/ville-de-kribi-un-nouveau-directeur-aux-commandes-de-lhopital-regional-annexe\/","og_site_name":"Kribi Cameroun infos","article_published_time":"2025-04-23T19:52:37+00:00","article_modified_time":"2025-04-23T20:19:01+00:00","og_image":[{"width":720,"height":342,"url":"http:\/\/kribicamerouninfos.net\/wp-content\/uploads\/2025\/04\/IMG_20250422_210146.jpg","type":"image\/jpeg"}],"author":"Catherine Danisa Kabeyene","twitter_card":"summary_large_image","twitter_misc":{"\u00c9crit par":"Catherine Danisa Kabeyene","Dur\u00e9e de lecture estim\u00e9e":"5 minutes"},"schema":{"@context":"https:\/\/schema.org","@graph":[{"@type":"Article","@id":"https:\/\/kribicamerouninfos.net\/index.php\/ville-de-kribi-un-nouveau-directeur-aux-commandes-de-lhopital-regional-annexe\/#article","isPartOf":{"@id":"https:\/\/kribicamerouninfos.net\/index.php\/ville-de-kribi-un-nouveau-directeur-aux-commandes-de-lhopital-regional-annexe\/"},"author":{"name":"Catherine Danisa Kabeyene","@id":"https:\/\/kribicamerouninfos.net\/#\/schema\/person\/e3d26ae0ce08b69c34c4cd563db5542e"},"headline":"Ville de Kribi : un nouveau Directeur aux commandes de l&rsquo;h\u00f4pital r\u00e9gional annexe","datePublished":"2025-04-23T19:52:37+00:00","dateModified":"2025-04-23T20:19:01+00:00","mainEntityOfPage":{"@id":"https:\/\/kribicamerouninfos.net\/index.php\/ville-de-kribi-un-nouveau-directeur-aux-commandes-de-lhopital-regional-annexe\/"},"wordCount":866,"commentCount":0,"publisher":{"@id":"https:\/\/kribicamerouninfos.net\/#organization"},"image":{"@id":"https:\/\/kribicamerouninfos.net\/index.php\/ville-de-kribi-un-nouveau-directeur-aux-commandes-de-lhopital-regional-annexe\/#primaryimage"},"thumbnailUrl":"https:\/\/kribicamerouninfos.net\/wp-content\/uploads\/2025\/04\/IMG_20250422_205942.jpg","keywords":["H\u00f4pital r\u00e9gional annexe de Kribi","nouveau Directeur"],"articleSection":["Sant\u00e9"],"inLanguage":"fr-FR","potentialAction":[{"@type":"CommentAction","name":"Comment","target":["https:\/\/kribicamerouninfos.net\/index.php\/ville-de-kribi-un-nouveau-directeur-aux-commandes-de-lhopital-regional-annexe\/#respond"]}]},{"@type":"WebPage","@id":"https:\/\/kribicamerouninfos.net\/index.php\/ville-de-kribi-un-nouveau-directeur-aux-commandes-de-lhopital-regional-annexe\/","url":"https:\/\/kribicamerouninfos.net\/index.php\/ville-de-kribi-un-nouveau-directeur-aux-commandes-de-lhopital-regional-annexe\/","name":"Ville de Kribi : un nouveau Directeur aux commandes de l'h\u00f4pital r\u00e9gional annexe - Kribi Cameroun infos","isPartOf":{"@id":"https:\/\/kribicamerouninfos.net\/#website"},"primaryImageOfPage":{"@id":"https:\/\/kribicamerouninfos.net\/index.php\/ville-de-kribi-un-nouveau-directeur-aux-commandes-de-lhopital-regional-annexe\/#primaryimage"},"image":{"@id":"https:\/\/kribicamerouninfos.net\/index.php\/ville-de-kribi-un-nouveau-directeur-aux-commandes-de-lhopital-regional-annexe\/#primaryimage"},"thumbnailUrl":"https:\/\/kribicamerouninfos.net\/wp-content\/uploads\/2025\/04\/IMG_20250422_205942.jpg","datePublished":"2025-04-23T19:52:37+00:00","dateModified":"2025-04-23T20:19:01+00:00","description":"- Ville de Kribi : un nouveau Directeur aux commandes de l'h\u00f4pital r\u00e9gional annexe - Kribi Cameroun infos - Sant\u00e9","breadcrumb":{"@id":"https:\/\/kribicamerouninfos.net\/index.php\/ville-de-kribi-un-nouveau-directeur-aux-commandes-de-lhopital-regional-annexe\/#breadcrumb"},"inLanguage":"fr-FR","potentialAction":[{"@type":"ReadAction","target":["https:\/\/kribicamerouninfos.net\/index.php\/ville-de-kribi-un-nouveau-directeur-aux-commandes-de-lhopital-regional-annexe\/"]}]},{"@type":"ImageObject","inLanguage":"fr-FR","@id":"https:\/\/kribicamerouninfos.net\/index.php\/ville-de-kribi-un-nouveau-directeur-aux-commandes-de-lhopital-regional-annexe\/#primaryimage","url":"https:\/\/kribicamerouninfos.net\/wp-content\/uploads\/2025\/04\/IMG_20250422_205942.jpg","contentUrl":"https:\/\/kribicamerouninfos.net\/wp-content\/uploads\/2025\/04\/IMG_20250422_205942.jpg","width":629,"height":404,"caption":"Le nouveau Directeur a du pain sur la planche."},{"@type":"BreadcrumbList","@id":"https:\/\/kribicamerouninfos.net\/index.php\/ville-de-kribi-un-nouveau-directeur-aux-commandes-de-lhopital-regional-annexe\/#breadcrumb","itemListElement":[{"@type":"ListItem","position":1,"name":"Accueil","item":"https:\/\/kribicamerouninfos.net\/"},{"@type":"ListItem","position":2,"name":"Ville de Kribi : un nouveau Directeur aux commandes de l&rsquo;h\u00f4pital r\u00e9gional annexe"}]},{"@type":"WebSite","@id":"https:\/\/kribicamerouninfos.net\/#website","url":"https:\/\/kribicamerouninfos.net\/","name":"Kribi Cameroun infos","description":"Site d&#039;informations g\u00e9n\u00e9rales","publisher":{"@id":"https:\/\/kribicamerouninfos.net\/#organization"},"potentialAction":[{"@type":"SearchAction","target":{"@type":"EntryPoint","urlTemplate":"https:\/\/kribicamerouninfos.net\/?s={search_term_string}"},"query-input":{"@type":"PropertyValueSpecification","valueRequired":true,"valueName":"search_term_string"}}],"inLanguage":"fr-FR"},{"@type":"Organization","@id":"https:\/\/kribicamerouninfos.net\/#organization","name":"Kribi Cameroun infos","url":"https:\/\/kribicamerouninfos.net\/","logo":{"@type":"ImageObject","inLanguage":"fr-FR","@id":"https:\/\/kribicamerouninfos.net\/#\/schema\/logo\/image\/","url":"https:\/\/kribicamerouninfos.net\/wp-content\/uploads\/2025\/12\/cropped-logo_site.png","contentUrl":"https:\/\/kribicamerouninfos.net\/wp-content\/uploads\/2025\/12\/cropped-logo_site.png","width":343,"height":90,"caption":"Kribi Cameroun infos"},"image":{"@id":"https:\/\/kribicamerouninfos.net\/#\/schema\/logo\/image\/"}},{"@type":"Person","@id":"https:\/\/kribicamerouninfos.net\/#\/schema\/person\/e3d26ae0ce08b69c34c4cd563db5542e","name":"Catherine Danisa Kabeyene","image":{"@type":"ImageObject","inLanguage":"fr-FR","@id":"https:\/\/secure.gravatar.com\/avatar\/2d8a083898ab5ec28c87079dd407e64d81495892bb9384e7af7bd1c76e04af98?s=96&d=mm&r=g","url":"https:\/\/secure.gravatar.com\/avatar\/2d8a083898ab5ec28c87079dd407e64d81495892bb9384e7af7bd1c76e04af98?s=96&d=mm&r=g","contentUrl":"https:\/\/secure.gravatar.com\/avatar\/2d8a083898ab5ec28c87079dd407e64d81495892bb9384e7af7bd1c76e04af98?s=96&d=mm&r=g","caption":"Catherine Danisa Kabeyene"},"description":"\u00c2g\u00e9e de 28 ans, Catherine Danisa Kabeyene est une jeune journaliste form\u00e9e, dot\u00e9e d'un talent inn\u00e9 en journalisme o\u00f9 elle jouit d'une exp\u00e9rience de plus de trois ans de pratique du m\u00e9tier.","sameAs":["http:\/\/www.kribicamerouninfos.net"],"url":"https:\/\/kribicamerouninfos.net\/index.php\/author\/catherine-kabeyene\/"}]}},"_links":{"self":[{"href":"https:\/\/kribicamerouninfos.net\/index.php\/wp-json\/wp\/v2\/posts\/1349","targetHints":{"allow":["GET"]}}],"collection":[{"href":"https:\/\/kribicamerouninfos.net\/index.php\/wp-json\/wp\/v2\/posts"}],"about":[{"href":"https:\/\/kribicamerouninfos.net\/index.php\/wp-json\/wp\/v2\/types\/post"}],"author":[{"embeddable":true,"href":"https:\/\/kribicamerouninfos.net\/index.php\/wp-json\/wp\/v2\/users\/3"}],"replies":[{"embeddable":true,"href":"https:\/\/kribicamerouninfos.net\/index.php\/wp-json\/wp\/v2\/comments?post=1349"}],"version-history":[{"count":3,"href":"https:\/\/kribicamerouninfos.net\/index.php\/wp-json\/wp\/v2\/posts\/1349\/revisions"}],"predecessor-version":[{"id":1358,"href":"https:\/\/kribicamerouninfos.net\/index.php\/wp-json\/wp\/v2\/posts\/1349\/revisions\/1358"}],"wp:featuredmedia":[{"embeddable":true,"href":"https:\/\/kribicamerouninfos.net\/index.php\/wp-json\/wp\/v2\/media\/1352"}],"wp:attachment":[{"href":"https:\/\/kribicamerouninfos.net\/index.php\/wp-json\/wp\/v2\/media?parent=1349"}],"wp:term":[{"taxonomy":"category","embeddable":true,"href":"https:\/\/kribicamerouninfos.net\/index.php\/wp-json\/wp\/v2\/categories?post=1349"},{"taxonomy":"post_tag","embeddable":true,"href":"https:\/\/kribicamerouninfos.net\/index.php\/wp-json\/wp\/v2\/tags?post=1349"}],"curies":[{"name":"wp","href":"https:\/\/api.w.org\/{rel}","templated":true}]}}