{"id":1409,"date":"2025-05-05T21:27:14","date_gmt":"2025-05-05T20:27:14","guid":{"rendered":"https:\/\/kribicamerouninfos.net\/?p=1409"},"modified":"2025-05-05T21:27:14","modified_gmt":"2025-05-05T20:27:14","slug":"travail-indecent-le-coup-de-gueule-du-syndicaliste-romain-bekile","status":"publish","type":"post","link":"https:\/\/kribicamerouninfos.net\/index.php\/travail-indecent-le-coup-de-gueule-du-syndicaliste-romain-bekile\/","title":{"rendered":"Travail ind\u00e9cent\u00a0: Le coup de gueule du syndicaliste Romain Bekile\u00a0"},"content":{"rendered":"<blockquote><p><em><strong>Le pr\u00e9sident du Syndicat de l\u2019Agriculture de l\u2019Oc\u00e9an Force Ouvri\u00e8re n\u2019a pas l\u00e9sin\u00e9 sur les mots le 1er mai dernier \u00e0 Kribi pour d\u00e9noncer au nom de tous les travailleurs les conditions pr\u00e9caires voire atroces qui obstruent leur \u00e9panouissement professionnel et personnel.<\/strong><\/em><\/p><\/blockquote>\n<p>Traits d\u2019expression de grave m\u00e9contentement sur le visage. Tonalit\u00e9 d\u2019une v\u00e9h\u00e9mence aigu\u00eb dans la voix. Gesticulation d\u2019une vigueur acerbe: le champ lexical de la col\u00e8re, voire du courroux, est mis en usage ce premier mai 2025 \u00e0 la place des f\u00eates de Kribi au Sud du Cameroun par le syndicaliste Romain Bekile. Pendant la c\u00e9l\u00e9bration de la 139e \u00e9dition de la journ\u00e9e internationale des droits des travailleurs le 1er mai 2025, le Pr\u00e9sident du Syndicat de l&rsquo;Agriculture de l\u2019Oc\u00e9an Force Ouvri\u00e8re (Sao-fo) n\u2019a pas l\u00e9sin\u00e9 sur les mots pour d\u00e9noncer au nom de tous les travailleurs, les conditions pr\u00e9caires voire atroces qui obstruent leur \u00e9panouissement professionnel et personnel.<\/p>\n<figure id=\"attachment_1410\" aria-describedby=\"caption-attachment-1410\" style=\"width: 300px\" class=\"wp-caption aligncenter\"><a href=\"https:\/\/kribicamerouninfos.net\/index.php\/travail-indecent-le-coup-de-gueule-du-syndicaliste-romain-bekile\/img_20250502_080920\/\" rel=\"attachment wp-att-1410\"><img loading=\"lazy\" decoding=\"async\" class=\"size-medium wp-image-1410\" src=\"http:\/\/kribicamerouninfos.net\/wp-content\/uploads\/2025\/05\/IMG_20250502_080920-300x190.jpg\" alt=\"Travail ind\u00e9cent le coup de gueule du syndicaliste Romain Bekile \" width=\"300\" height=\"190\" srcset=\"https:\/\/kribicamerouninfos.net\/wp-content\/uploads\/2025\/05\/IMG_20250502_080920-300x190.jpg 300w, https:\/\/kribicamerouninfos.net\/wp-content\/uploads\/2025\/05\/IMG_20250502_080920.jpg 720w\" sizes=\"auto, (max-width: 300px) 100vw, 300px\" \/><\/a><figcaption id=\"caption-attachment-1410\" class=\"wp-caption-text\">Romain Bekile, pr\u00e9sident du Syndicat de l&rsquo;Agriculture de l&rsquo;Oc\u00e9an se l\u00e2che et<\/figcaption><\/figure>\n<p>Romain Bekile s\u2019est fait \u201c la voix de la vendeuse de beignets qui se l\u00e8ve chaque matin \u00e0 4h pour nourrir ses enfants. La voix du jeune dipl\u00f4m\u00e9, qui apr\u00e8s des ann\u00e9es de dur labeur acad\u00e9mique erre dans la rue \u00e0 la recherche d&rsquo;un emploi. La voix de l\u2019ouvrier, du fonctionnaire, du chauffeur, de l\u2019agriculteur, du ma\u00e7on, du balayeur du contractuel. La voix de tous ceux qui, chaque jour, contribuent \u00e0 faire tourner la machine Cameroun \u201c.<\/p>\n<p>En premier lieu, le pr\u00e9sident de Sao-fo d\u00e9nonce la non application des conventions de l\u2019organisation Internationale du Travail (Oit) que notre pays a ratifi\u00e9es. Entre autre la convention n\u00b0100 sur l\u2019\u00e9galit\u00e9 de r\u00e9mun\u00e9ration ; n\u00b0 111 sur la non discrimination et n\u00b0190 sur la violence et le harc\u00e8lement dans le monde du travail. Il d\u00e9plore qu\u2019aujourd&rsquo;hui encore, des milliers de travailleurs ne soient pas d\u00e9clar\u00e9s \u00e0 la Caisse Nationale de Pr\u00e9voyance Sociale ( CNPS) et que les salaires soient insuffisants parfois en dessous du SMIC. De mani\u00e8re virulente, Romain Bekile s\u2019insurge de ce que la pr\u00e9carit\u00e9 de l\u2019emploi soit devenue la norme. &lt;&lt; Les conditions de travail et de vie sont d\u00e9gradantes. Les travailleurs vivent des semaines sans \u00e9lectricit\u00e9, ils vivent sans eau potable. Les logements sont ind\u00e9cents et ne respectent pas la taille de la famille l\u00e9gitime. Ces logements n\u2019ont pas de toilettes et le petit coin se confond au plein air. L\u2019acc\u00e8s \u00e0 l\u2019eau en qualit\u00e9 et en quantit\u00e9 n\u2019est pas une r\u00e9alit\u00e9 pour tous. La protection sociale ne couvre qu\u2019une minorit\u00e9 de travailleurs &gt;&gt;.<\/p>\n<figure id=\"attachment_1411\" aria-describedby=\"caption-attachment-1411\" style=\"width: 300px\" class=\"wp-caption aligncenter\"><a href=\"https:\/\/kribicamerouninfos.net\/index.php\/travail-indecent-le-coup-de-gueule-du-syndicaliste-romain-bekile\/img_20250501_141933\/\" rel=\"attachment wp-att-1411\"><img loading=\"lazy\" decoding=\"async\" class=\"size-medium wp-image-1411\" src=\"http:\/\/kribicamerouninfos.net\/wp-content\/uploads\/2025\/05\/IMG_20250501_141933-300x169.jpg\" alt=\"Traits d'expression de visage, tonalit\u00e9 d'une v\u00e9h\u00e9mence aigu\u00eb \" width=\"300\" height=\"169\" srcset=\"https:\/\/kribicamerouninfos.net\/wp-content\/uploads\/2025\/05\/IMG_20250501_141933-300x169.jpg 300w, https:\/\/kribicamerouninfos.net\/wp-content\/uploads\/2025\/05\/IMG_20250501_141933-1024x576.jpg 1024w, https:\/\/kribicamerouninfos.net\/wp-content\/uploads\/2025\/05\/IMG_20250501_141933-768x432.jpg 768w, https:\/\/kribicamerouninfos.net\/wp-content\/uploads\/2025\/05\/IMG_20250501_141933-1536x864.jpg 1536w, https:\/\/kribicamerouninfos.net\/wp-content\/uploads\/2025\/05\/IMG_20250501_141933-800x450.jpg 800w, https:\/\/kribicamerouninfos.net\/wp-content\/uploads\/2025\/05\/IMG_20250501_141933.jpg 1920w\" sizes=\"auto, (max-width: 300px) 100vw, 300px\" \/><\/a><figcaption id=\"caption-attachment-1411\" class=\"wp-caption-text\">Le r\u00f4le d&rsquo;un syndicaliste c&rsquo;est de d\u00e9noncer les conditions pr\u00e9caires de travail<\/figcaption><\/figure>\n<p><a href=\"https:\/\/kribicamerouninfos.net\/index.php\/travail-indecent-le-coup-de-gueule-du-syndicaliste-romain-bekile\/img_20250501_131109\/\" rel=\"attachment wp-att-1412\"><img loading=\"lazy\" decoding=\"async\" class=\"aligncenter size-medium wp-image-1412\" src=\"http:\/\/kribicamerouninfos.net\/wp-content\/uploads\/2025\/05\/IMG_20250501_131109-300x226.jpg\" alt=\"\" width=\"300\" height=\"226\" srcset=\"https:\/\/kribicamerouninfos.net\/wp-content\/uploads\/2025\/05\/IMG_20250501_131109-300x226.jpg 300w, https:\/\/kribicamerouninfos.net\/wp-content\/uploads\/2025\/05\/IMG_20250501_131109-1024x771.jpg 1024w, https:\/\/kribicamerouninfos.net\/wp-content\/uploads\/2025\/05\/IMG_20250501_131109-768x578.jpg 768w, https:\/\/kribicamerouninfos.net\/wp-content\/uploads\/2025\/05\/IMG_20250501_131109-1536x1157.jpg 1536w, https:\/\/kribicamerouninfos.net\/wp-content\/uploads\/2025\/05\/IMG_20250501_131109-2048x1542.jpg 2048w, https:\/\/kribicamerouninfos.net\/wp-content\/uploads\/2025\/05\/IMG_20250501_131109-720x540.jpg 720w\" sizes=\"auto, (max-width: 300px) 100vw, 300px\" \/><\/a> <a href=\"https:\/\/kribicamerouninfos.net\/index.php\/travail-indecent-le-coup-de-gueule-du-syndicaliste-romain-bekile\/img_20250501_130624\/\" rel=\"attachment wp-att-1413\"><img loading=\"lazy\" decoding=\"async\" class=\"aligncenter size-medium wp-image-1413\" src=\"http:\/\/kribicamerouninfos.net\/wp-content\/uploads\/2025\/05\/IMG_20250501_130624-300x169.jpg\" alt=\"\" width=\"300\" height=\"169\" srcset=\"https:\/\/kribicamerouninfos.net\/wp-content\/uploads\/2025\/05\/IMG_20250501_130624-300x169.jpg 300w, https:\/\/kribicamerouninfos.net\/wp-content\/uploads\/2025\/05\/IMG_20250501_130624-1024x576.jpg 1024w, https:\/\/kribicamerouninfos.net\/wp-content\/uploads\/2025\/05\/IMG_20250501_130624-768x432.jpg 768w, https:\/\/kribicamerouninfos.net\/wp-content\/uploads\/2025\/05\/IMG_20250501_130624-1536x864.jpg 1536w, https:\/\/kribicamerouninfos.net\/wp-content\/uploads\/2025\/05\/IMG_20250501_130624-800x450.jpg 800w, https:\/\/kribicamerouninfos.net\/wp-content\/uploads\/2025\/05\/IMG_20250501_130624.jpg 1920w\" sizes=\"auto, (max-width: 300px) 100vw, 300px\" \/><\/a><\/p>\n<p>Des d\u00e9nonciations l\u00e9gitimes qui enfoncent les employeurs et interpellent l\u2019\u00c9tat en l\u2019invitant \u00e0 prendre ses responsabilit\u00e9s. Le dialogue social, c\u00e9l\u00e9br\u00e9 en guise de th\u00e9matique cette ann\u00e9e, selon Romain Bekile, est un levier strat\u00e9gique pour le d\u00e9veloppement \u00e9conomique et la justice sociale. Mais pour qu\u2019il soit une r\u00e9alit\u00e9, il doit \u00eatre institutionnalis\u00e9, r\u00e9gulier et sinc\u00e8re. Et non pas des dialogues de fa\u00e7ade o\u00f9 les d\u00e9cisions sont prises \u00e0 huis clos sans concertation, o\u00f9 les protocoles d\u2019accord ne sont pas respect\u00e9s et o\u00f9 les revendications l\u00e9gitimes des travailleurs restent lettres mortes.<\/p>\n<p>&nbsp;<\/p>\n","protected":false},"excerpt":{"rendered":"<p>Le pr\u00e9sident du Syndicat de l\u2019Agriculture de l\u2019Oc\u00e9an Force Ouvri\u00e8re n\u2019a pas l\u00e9sin\u00e9 sur les<\/p>\n","protected":false},"author":4,"featured_media":1414,"comment_status":"open","ping_status":"open","sticky":false,"template":"","format":"standard","meta":{"footnotes":""},"categories":[220],"tags":[271,270,269],"class_list":["post-1409","post","type-post","status-publish","format-standard","has-post-thumbnail","hentry","category-societe","tag-1er-mai","tag-dialogue-social","tag-travail-indecent"],"yoast_head":"<!-- This site is optimized with the Yoast SEO plugin v27.5 - https:\/\/yoast.com\/product\/yoast-seo-wordpress\/ -->\n<title>Travail ind\u00e9cent\u00a0: Le coup de gueule du syndicaliste Romain Bekile\u00a0 - Kribi Cameroun infos<\/title>\n<meta name=\"description\" content=\"- Soci\u00e9t\u00e9 - Travail ind\u00e9cent\u00a0: Le coup de gueule du syndicaliste Romain Bekile\u00a0 - Kribi Cameroun infos - 1er mai 2025\" \/>\n<meta name=\"robots\" content=\"index, follow, max-snippet:-1, max-image-preview:large, max-video-preview:-1\" \/>\n<link rel=\"canonical\" href=\"https:\/\/kribicamerouninfos.net\/index.php\/travail-indecent-le-coup-de-gueule-du-syndicaliste-romain-bekile\/\" \/>\n<meta property=\"og:locale\" content=\"fr_FR\" \/>\n<meta property=\"og:type\" content=\"article\" \/>\n<meta property=\"og:title\" content=\"Kribi Cameroun infos - Travail ind\u00e9cent\u00a0: Le coup de gueule du syndicaliste Romain Bekile\u00a0 - Soci\u00e9t\u00e9\" \/>\n<meta property=\"og:description\" content=\"- Travail ind\u00e9cent\u00a0: Le coup de gueule du syndicaliste Romain Bekile\u00a0 - Soci\u00e9t\u00e9 - Kribi Cameroun infos\" \/>\n<meta property=\"og:url\" content=\"https:\/\/kribicamerouninfos.net\/index.php\/travail-indecent-le-coup-de-gueule-du-syndicaliste-romain-bekile\/\" \/>\n<meta property=\"og:site_name\" content=\"Kribi Cameroun infos\" \/>\n<meta property=\"article:published_time\" content=\"2025-05-05T20:27:14+00:00\" \/>\n<meta property=\"og:image\" content=\"http:\/\/kribicamerouninfos.net\/wp-content\/uploads\/2025\/05\/IMG_20250505_212310.jpg\" \/>\n\t<meta property=\"og:image:width\" content=\"691\" \/>\n\t<meta property=\"og:image:height\" content=\"913\" \/>\n\t<meta property=\"og:image:type\" content=\"image\/jpeg\" \/>\n<meta name=\"author\" content=\"Lazare Kingue\" \/>\n<meta name=\"twitter:card\" content=\"summary_large_image\" \/>\n<meta name=\"twitter:label1\" content=\"\u00c9crit par\" \/>\n\t<meta name=\"twitter:data1\" content=\"Lazare Kingue\" \/>\n\t<meta name=\"twitter:label2\" content=\"Dur\u00e9e de lecture estim\u00e9e\" \/>\n\t<meta name=\"twitter:data2\" content=\"4 minutes\" \/>\n<script type=\"application\/ld+json\" class=\"yoast-schema-graph\">{\"@context\":\"https:\\\/\\\/schema.org\",\"@graph\":[{\"@type\":\"Article\",\"@id\":\"https:\\\/\\\/kribicamerouninfos.net\\\/index.php\\\/travail-indecent-le-coup-de-gueule-du-syndicaliste-romain-bekile\\\/#article\",\"isPartOf\":{\"@id\":\"https:\\\/\\\/kribicamerouninfos.net\\\/index.php\\\/travail-indecent-le-coup-de-gueule-du-syndicaliste-romain-bekile\\\/\"},\"author\":{\"name\":\"Lazare Kingue\",\"@id\":\"https:\\\/\\\/kribicamerouninfos.net\\\/#\\\/schema\\\/person\\\/749d45bc8fa331d720a390fa279d694f\"},\"headline\":\"Travail ind\u00e9cent\u00a0: Le coup de gueule du syndicaliste Romain Bekile\u00a0\",\"datePublished\":\"2025-05-05T20:27:14+00:00\",\"mainEntityOfPage\":{\"@id\":\"https:\\\/\\\/kribicamerouninfos.net\\\/index.php\\\/travail-indecent-le-coup-de-gueule-du-syndicaliste-romain-bekile\\\/\"},\"wordCount\":626,\"commentCount\":0,\"publisher\":{\"@id\":\"https:\\\/\\\/kribicamerouninfos.net\\\/#organization\"},\"image\":{\"@id\":\"https:\\\/\\\/kribicamerouninfos.net\\\/index.php\\\/travail-indecent-le-coup-de-gueule-du-syndicaliste-romain-bekile\\\/#primaryimage\"},\"thumbnailUrl\":\"https:\\\/\\\/kribicamerouninfos.net\\\/wp-content\\\/uploads\\\/2025\\\/05\\\/IMG_20250505_212310.jpg\",\"keywords\":[\"1er mai\",\"dialogue social\",\"Travail ind\u00e9cent\"],\"articleSection\":[\"Soci\u00e9t\u00e9\"],\"inLanguage\":\"fr-FR\",\"potentialAction\":[{\"@type\":\"CommentAction\",\"name\":\"Comment\",\"target\":[\"https:\\\/\\\/kribicamerouninfos.net\\\/index.php\\\/travail-indecent-le-coup-de-gueule-du-syndicaliste-romain-bekile\\\/#respond\"]}]},{\"@type\":\"WebPage\",\"@id\":\"https:\\\/\\\/kribicamerouninfos.net\\\/index.php\\\/travail-indecent-le-coup-de-gueule-du-syndicaliste-romain-bekile\\\/\",\"url\":\"https:\\\/\\\/kribicamerouninfos.net\\\/index.php\\\/travail-indecent-le-coup-de-gueule-du-syndicaliste-romain-bekile\\\/\",\"name\":\"Travail ind\u00e9cent\u00a0: Le coup de gueule du syndicaliste Romain Bekile\u00a0 - Kribi Cameroun infos\",\"isPartOf\":{\"@id\":\"https:\\\/\\\/kribicamerouninfos.net\\\/#website\"},\"primaryImageOfPage\":{\"@id\":\"https:\\\/\\\/kribicamerouninfos.net\\\/index.php\\\/travail-indecent-le-coup-de-gueule-du-syndicaliste-romain-bekile\\\/#primaryimage\"},\"image\":{\"@id\":\"https:\\\/\\\/kribicamerouninfos.net\\\/index.php\\\/travail-indecent-le-coup-de-gueule-du-syndicaliste-romain-bekile\\\/#primaryimage\"},\"thumbnailUrl\":\"https:\\\/\\\/kribicamerouninfos.net\\\/wp-content\\\/uploads\\\/2025\\\/05\\\/IMG_20250505_212310.jpg\",\"datePublished\":\"2025-05-05T20:27:14+00:00\",\"description\":\"- Soci\u00e9t\u00e9 - Travail ind\u00e9cent\u00a0: Le coup de gueule du syndicaliste Romain Bekile\u00a0 - Kribi Cameroun infos - 1er mai 2025\",\"breadcrumb\":{\"@id\":\"https:\\\/\\\/kribicamerouninfos.net\\\/index.php\\\/travail-indecent-le-coup-de-gueule-du-syndicaliste-romain-bekile\\\/#breadcrumb\"},\"inLanguage\":\"fr-FR\",\"potentialAction\":[{\"@type\":\"ReadAction\",\"target\":[\"https:\\\/\\\/kribicamerouninfos.net\\\/index.php\\\/travail-indecent-le-coup-de-gueule-du-syndicaliste-romain-bekile\\\/\"]}]},{\"@type\":\"ImageObject\",\"inLanguage\":\"fr-FR\",\"@id\":\"https:\\\/\\\/kribicamerouninfos.net\\\/index.php\\\/travail-indecent-le-coup-de-gueule-du-syndicaliste-romain-bekile\\\/#primaryimage\",\"url\":\"https:\\\/\\\/kribicamerouninfos.net\\\/wp-content\\\/uploads\\\/2025\\\/05\\\/IMG_20250505_212310.jpg\",\"contentUrl\":\"https:\\\/\\\/kribicamerouninfos.net\\\/wp-content\\\/uploads\\\/2025\\\/05\\\/IMG_20250505_212310.jpg\",\"width\":691,\"height\":913},{\"@type\":\"BreadcrumbList\",\"@id\":\"https:\\\/\\\/kribicamerouninfos.net\\\/index.php\\\/travail-indecent-le-coup-de-gueule-du-syndicaliste-romain-bekile\\\/#breadcrumb\",\"itemListElement\":[{\"@type\":\"ListItem\",\"position\":1,\"name\":\"Accueil\",\"item\":\"https:\\\/\\\/kribicamerouninfos.net\\\/\"},{\"@type\":\"ListItem\",\"position\":2,\"name\":\"Travail ind\u00e9cent\u00a0: Le coup de gueule du syndicaliste Romain Bekile\u00a0\"}]},{\"@type\":\"WebSite\",\"@id\":\"https:\\\/\\\/kribicamerouninfos.net\\\/#website\",\"url\":\"https:\\\/\\\/kribicamerouninfos.net\\\/\",\"name\":\"Kribi Cameroun infos\",\"description\":\"Site d&#039;informations g\u00e9n\u00e9rales\",\"publisher\":{\"@id\":\"https:\\\/\\\/kribicamerouninfos.net\\\/#organization\"},\"potentialAction\":[{\"@type\":\"SearchAction\",\"target\":{\"@type\":\"EntryPoint\",\"urlTemplate\":\"https:\\\/\\\/kribicamerouninfos.net\\\/?s={search_term_string}\"},\"query-input\":{\"@type\":\"PropertyValueSpecification\",\"valueRequired\":true,\"valueName\":\"search_term_string\"}}],\"inLanguage\":\"fr-FR\"},{\"@type\":\"Organization\",\"@id\":\"https:\\\/\\\/kribicamerouninfos.net\\\/#organization\",\"name\":\"Kribi Cameroun infos\",\"url\":\"https:\\\/\\\/kribicamerouninfos.net\\\/\",\"logo\":{\"@type\":\"ImageObject\",\"inLanguage\":\"fr-FR\",\"@id\":\"https:\\\/\\\/kribicamerouninfos.net\\\/#\\\/schema\\\/logo\\\/image\\\/\",\"url\":\"https:\\\/\\\/kribicamerouninfos.net\\\/wp-content\\\/uploads\\\/2025\\\/12\\\/cropped-logo_site.png\",\"contentUrl\":\"https:\\\/\\\/kribicamerouninfos.net\\\/wp-content\\\/uploads\\\/2025\\\/12\\\/cropped-logo_site.png\",\"width\":343,\"height\":90,\"caption\":\"Kribi Cameroun infos\"},\"image\":{\"@id\":\"https:\\\/\\\/kribicamerouninfos.net\\\/#\\\/schema\\\/logo\\\/image\\\/\"}},{\"@type\":\"Person\",\"@id\":\"https:\\\/\\\/kribicamerouninfos.net\\\/#\\\/schema\\\/person\\\/749d45bc8fa331d720a390fa279d694f\",\"name\":\"Lazare Kingue\",\"image\":{\"@type\":\"ImageObject\",\"inLanguage\":\"fr-FR\",\"@id\":\"https:\\\/\\\/secure.gravatar.com\\\/avatar\\\/47687ae759ae423f7bacca3da28d15345e783cb56d2b4b478d52c168e39ef394?s=96&d=mm&r=g\",\"url\":\"https:\\\/\\\/secure.gravatar.com\\\/avatar\\\/47687ae759ae423f7bacca3da28d15345e783cb56d2b4b478d52c168e39ef394?s=96&d=mm&r=g\",\"contentUrl\":\"https:\\\/\\\/secure.gravatar.com\\\/avatar\\\/47687ae759ae423f7bacca3da28d15345e783cb56d2b4b478d52c168e39ef394?s=96&d=mm&r=g\",\"caption\":\"Lazare Kingue\"},\"description\":\"Lazare Kingue est un jeune journaliste qui cumule 14 ans de pratique du m\u00e9tier. Ayant commenc\u00e9 par la radio puis la t\u00e9l\u00e9vision, il a termin\u00e9 par la presse \u00e9crite et s'y est sp\u00e9cialis\u00e9. En 2022 il a obtenu le premier prix national Landcam sur l'enqu\u00eate journalistique en mati\u00e8re fonci\u00e8re. Repr\u00e9sentant du quotidien mutations \u00e0 Kribi depuis 2012, il est aujourd'hui dans la ville de Kribi l'une des figures de proue du journalisme. A son actif il est promoteur d'un groupe de presse qui compte le Journal Minorit\u00e9s, la cha\u00eene web Kribi Cameroun web TV et le site professionnel d'actualit\u00e9s Kribi Cameroun infos.\",\"sameAs\":[\"http:\\\/\\\/www.kribicamerouninfos.net\"],\"url\":\"https:\\\/\\\/kribicamerouninfos.net\\\/index.php\\\/author\\\/kingue\\\/\"}]}<\/script>\n<!-- \/ Yoast SEO plugin. -->","yoast_head_json":{"title":"Travail ind\u00e9cent\u00a0: Le coup de gueule du syndicaliste Romain Bekile\u00a0 - Kribi Cameroun infos","description":"- Soci\u00e9t\u00e9 - Travail ind\u00e9cent\u00a0: Le coup de gueule du syndicaliste Romain Bekile\u00a0 - Kribi Cameroun infos - 1er mai 2025","robots":{"index":"index","follow":"follow","max-snippet":"max-snippet:-1","max-image-preview":"max-image-preview:large","max-video-preview":"max-video-preview:-1"},"canonical":"https:\/\/kribicamerouninfos.net\/index.php\/travail-indecent-le-coup-de-gueule-du-syndicaliste-romain-bekile\/","og_locale":"fr_FR","og_type":"article","og_title":"Kribi Cameroun infos - Travail ind\u00e9cent\u00a0: Le coup de gueule du syndicaliste Romain Bekile\u00a0 - Soci\u00e9t\u00e9","og_description":"- Travail ind\u00e9cent\u00a0: Le coup de gueule du syndicaliste Romain Bekile\u00a0 - Soci\u00e9t\u00e9 - Kribi Cameroun infos","og_url":"https:\/\/kribicamerouninfos.net\/index.php\/travail-indecent-le-coup-de-gueule-du-syndicaliste-romain-bekile\/","og_site_name":"Kribi Cameroun infos","article_published_time":"2025-05-05T20:27:14+00:00","og_image":[{"width":691,"height":913,"url":"http:\/\/kribicamerouninfos.net\/wp-content\/uploads\/2025\/05\/IMG_20250505_212310.jpg","type":"image\/jpeg"}],"author":"Lazare Kingue","twitter_card":"summary_large_image","twitter_misc":{"\u00c9crit par":"Lazare Kingue","Dur\u00e9e de lecture estim\u00e9e":"4 minutes"},"schema":{"@context":"https:\/\/schema.org","@graph":[{"@type":"Article","@id":"https:\/\/kribicamerouninfos.net\/index.php\/travail-indecent-le-coup-de-gueule-du-syndicaliste-romain-bekile\/#article","isPartOf":{"@id":"https:\/\/kribicamerouninfos.net\/index.php\/travail-indecent-le-coup-de-gueule-du-syndicaliste-romain-bekile\/"},"author":{"name":"Lazare Kingue","@id":"https:\/\/kribicamerouninfos.net\/#\/schema\/person\/749d45bc8fa331d720a390fa279d694f"},"headline":"Travail ind\u00e9cent\u00a0: Le coup de gueule du syndicaliste Romain Bekile\u00a0","datePublished":"2025-05-05T20:27:14+00:00","mainEntityOfPage":{"@id":"https:\/\/kribicamerouninfos.net\/index.php\/travail-indecent-le-coup-de-gueule-du-syndicaliste-romain-bekile\/"},"wordCount":626,"commentCount":0,"publisher":{"@id":"https:\/\/kribicamerouninfos.net\/#organization"},"image":{"@id":"https:\/\/kribicamerouninfos.net\/index.php\/travail-indecent-le-coup-de-gueule-du-syndicaliste-romain-bekile\/#primaryimage"},"thumbnailUrl":"https:\/\/kribicamerouninfos.net\/wp-content\/uploads\/2025\/05\/IMG_20250505_212310.jpg","keywords":["1er mai","dialogue social","Travail ind\u00e9cent"],"articleSection":["Soci\u00e9t\u00e9"],"inLanguage":"fr-FR","potentialAction":[{"@type":"CommentAction","name":"Comment","target":["https:\/\/kribicamerouninfos.net\/index.php\/travail-indecent-le-coup-de-gueule-du-syndicaliste-romain-bekile\/#respond"]}]},{"@type":"WebPage","@id":"https:\/\/kribicamerouninfos.net\/index.php\/travail-indecent-le-coup-de-gueule-du-syndicaliste-romain-bekile\/","url":"https:\/\/kribicamerouninfos.net\/index.php\/travail-indecent-le-coup-de-gueule-du-syndicaliste-romain-bekile\/","name":"Travail ind\u00e9cent\u00a0: Le coup de gueule du syndicaliste Romain Bekile\u00a0 - Kribi Cameroun infos","isPartOf":{"@id":"https:\/\/kribicamerouninfos.net\/#website"},"primaryImageOfPage":{"@id":"https:\/\/kribicamerouninfos.net\/index.php\/travail-indecent-le-coup-de-gueule-du-syndicaliste-romain-bekile\/#primaryimage"},"image":{"@id":"https:\/\/kribicamerouninfos.net\/index.php\/travail-indecent-le-coup-de-gueule-du-syndicaliste-romain-bekile\/#primaryimage"},"thumbnailUrl":"https:\/\/kribicamerouninfos.net\/wp-content\/uploads\/2025\/05\/IMG_20250505_212310.jpg","datePublished":"2025-05-05T20:27:14+00:00","description":"- Soci\u00e9t\u00e9 - Travail ind\u00e9cent\u00a0: Le coup de gueule du syndicaliste Romain Bekile\u00a0 - Kribi Cameroun infos - 1er mai 2025","breadcrumb":{"@id":"https:\/\/kribicamerouninfos.net\/index.php\/travail-indecent-le-coup-de-gueule-du-syndicaliste-romain-bekile\/#breadcrumb"},"inLanguage":"fr-FR","potentialAction":[{"@type":"ReadAction","target":["https:\/\/kribicamerouninfos.net\/index.php\/travail-indecent-le-coup-de-gueule-du-syndicaliste-romain-bekile\/"]}]},{"@type":"ImageObject","inLanguage":"fr-FR","@id":"https:\/\/kribicamerouninfos.net\/index.php\/travail-indecent-le-coup-de-gueule-du-syndicaliste-romain-bekile\/#primaryimage","url":"https:\/\/kribicamerouninfos.net\/wp-content\/uploads\/2025\/05\/IMG_20250505_212310.jpg","contentUrl":"https:\/\/kribicamerouninfos.net\/wp-content\/uploads\/2025\/05\/IMG_20250505_212310.jpg","width":691,"height":913},{"@type":"BreadcrumbList","@id":"https:\/\/kribicamerouninfos.net\/index.php\/travail-indecent-le-coup-de-gueule-du-syndicaliste-romain-bekile\/#breadcrumb","itemListElement":[{"@type":"ListItem","position":1,"name":"Accueil","item":"https:\/\/kribicamerouninfos.net\/"},{"@type":"ListItem","position":2,"name":"Travail ind\u00e9cent\u00a0: Le coup de gueule du syndicaliste Romain Bekile\u00a0"}]},{"@type":"WebSite","@id":"https:\/\/kribicamerouninfos.net\/#website","url":"https:\/\/kribicamerouninfos.net\/","name":"Kribi Cameroun infos","description":"Site d&#039;informations g\u00e9n\u00e9rales","publisher":{"@id":"https:\/\/kribicamerouninfos.net\/#organization"},"potentialAction":[{"@type":"SearchAction","target":{"@type":"EntryPoint","urlTemplate":"https:\/\/kribicamerouninfos.net\/?s={search_term_string}"},"query-input":{"@type":"PropertyValueSpecification","valueRequired":true,"valueName":"search_term_string"}}],"inLanguage":"fr-FR"},{"@type":"Organization","@id":"https:\/\/kribicamerouninfos.net\/#organization","name":"Kribi Cameroun infos","url":"https:\/\/kribicamerouninfos.net\/","logo":{"@type":"ImageObject","inLanguage":"fr-FR","@id":"https:\/\/kribicamerouninfos.net\/#\/schema\/logo\/image\/","url":"https:\/\/kribicamerouninfos.net\/wp-content\/uploads\/2025\/12\/cropped-logo_site.png","contentUrl":"https:\/\/kribicamerouninfos.net\/wp-content\/uploads\/2025\/12\/cropped-logo_site.png","width":343,"height":90,"caption":"Kribi Cameroun infos"},"image":{"@id":"https:\/\/kribicamerouninfos.net\/#\/schema\/logo\/image\/"}},{"@type":"Person","@id":"https:\/\/kribicamerouninfos.net\/#\/schema\/person\/749d45bc8fa331d720a390fa279d694f","name":"Lazare Kingue","image":{"@type":"ImageObject","inLanguage":"fr-FR","@id":"https:\/\/secure.gravatar.com\/avatar\/47687ae759ae423f7bacca3da28d15345e783cb56d2b4b478d52c168e39ef394?s=96&d=mm&r=g","url":"https:\/\/secure.gravatar.com\/avatar\/47687ae759ae423f7bacca3da28d15345e783cb56d2b4b478d52c168e39ef394?s=96&d=mm&r=g","contentUrl":"https:\/\/secure.gravatar.com\/avatar\/47687ae759ae423f7bacca3da28d15345e783cb56d2b4b478d52c168e39ef394?s=96&d=mm&r=g","caption":"Lazare Kingue"},"description":"Lazare Kingue est un jeune journaliste qui cumule 14 ans de pratique du m\u00e9tier. Ayant commenc\u00e9 par la radio puis la t\u00e9l\u00e9vision, il a termin\u00e9 par la presse \u00e9crite et s'y est sp\u00e9cialis\u00e9. En 2022 il a obtenu le premier prix national Landcam sur l'enqu\u00eate journalistique en mati\u00e8re fonci\u00e8re. Repr\u00e9sentant du quotidien mutations \u00e0 Kribi depuis 2012, il est aujourd'hui dans la ville de Kribi l'une des figures de proue du journalisme. A son actif il est promoteur d'un groupe de presse qui compte le Journal Minorit\u00e9s, la cha\u00eene web Kribi Cameroun web TV et le site professionnel d'actualit\u00e9s Kribi Cameroun infos.","sameAs":["http:\/\/www.kribicamerouninfos.net"],"url":"https:\/\/kribicamerouninfos.net\/index.php\/author\/kingue\/"}]}},"_links":{"self":[{"href":"https:\/\/kribicamerouninfos.net\/index.php\/wp-json\/wp\/v2\/posts\/1409","targetHints":{"allow":["GET"]}}],"collection":[{"href":"https:\/\/kribicamerouninfos.net\/index.php\/wp-json\/wp\/v2\/posts"}],"about":[{"href":"https:\/\/kribicamerouninfos.net\/index.php\/wp-json\/wp\/v2\/types\/post"}],"author":[{"embeddable":true,"href":"https:\/\/kribicamerouninfos.net\/index.php\/wp-json\/wp\/v2\/users\/4"}],"replies":[{"embeddable":true,"href":"https:\/\/kribicamerouninfos.net\/index.php\/wp-json\/wp\/v2\/comments?post=1409"}],"version-history":[{"count":2,"href":"https:\/\/kribicamerouninfos.net\/index.php\/wp-json\/wp\/v2\/posts\/1409\/revisions"}],"predecessor-version":[{"id":1416,"href":"https:\/\/kribicamerouninfos.net\/index.php\/wp-json\/wp\/v2\/posts\/1409\/revisions\/1416"}],"wp:featuredmedia":[{"embeddable":true,"href":"https:\/\/kribicamerouninfos.net\/index.php\/wp-json\/wp\/v2\/media\/1414"}],"wp:attachment":[{"href":"https:\/\/kribicamerouninfos.net\/index.php\/wp-json\/wp\/v2\/media?parent=1409"}],"wp:term":[{"taxonomy":"category","embeddable":true,"href":"https:\/\/kribicamerouninfos.net\/index.php\/wp-json\/wp\/v2\/categories?post=1409"},{"taxonomy":"post_tag","embeddable":true,"href":"https:\/\/kribicamerouninfos.net\/index.php\/wp-json\/wp\/v2\/tags?post=1409"}],"curies":[{"name":"wp","href":"https:\/\/api.w.org\/{rel}","templated":true}]}}