{"id":1577,"date":"2025-06-19T08:27:21","date_gmt":"2025-06-19T07:27:21","guid":{"rendered":"https:\/\/kribicamerouninfos.net\/?p=1577"},"modified":"2025-06-19T08:27:21","modified_gmt":"2025-06-19T07:27:21","slug":"bassin-du-congo-un-patrimoine-a-preserver","status":"publish","type":"post","link":"https:\/\/kribicamerouninfos.net\/index.php\/bassin-du-congo-un-patrimoine-a-preserver\/","title":{"rendered":"Bassin du Congo: Un patrimoine \u00e0 pr\u00e9server"},"content":{"rendered":"<blockquote>\n<p style=\"text-align: left\"><em><strong>La ville de Kribi au Cameroun a accueilli du 16 au 20\u00a0 juin 2025, les travaux de la conf\u00e9rence du programme int\u00e9gr\u00e9 pour les for\u00eats du congo financ\u00e9 par le GEF. Une conf\u00e9rence qui rassemble les repr\u00e9sentants de plusieurs pays du bassin du congo, afin de tabler sur les d\u00e9fis et opportunit\u00e9s li\u00e9s \u00e0 la pr\u00e9servation de cet \u00e9cosyst\u00e8me vital. Le Ministre camerounais de l&rsquo;environnement, de la protection de la nature et du d\u00e9veloppement durable Pierre Hele a donn\u00e9 le top d\u00e9part de cette conf\u00e9rence.<\/strong><\/em><\/p>\n<\/blockquote>\n<p style=\"text-align: left\">Le bassin du congo, 2eme plus grande for\u00eat tropicale du monde apr\u00e8s l&rsquo;Amazonie, joue un r\u00f4le crucial dans la r\u00e9gulation du climat et de la biodiversit\u00e9. Il est actuellement consid\u00e9r\u00e9 comme plus grand puit de carbone potentiel du monde . Sa conservation est d&rsquo;autant plus primordiale pour un environnement sain. Face \u00e0 la d\u00e9forestation et aux changements climatiques, cette conf\u00e9rence vise \u00e0 trouver des solutions syst\u00e9miques aux probl\u00e8mes environnementaux. &lt;&lt; Cette ann\u00e9e c&rsquo;est une conf\u00e9rence particuli\u00e8re parce qu&rsquo;il y&rsquo;a beaucoup d&rsquo;\u00e9v\u00e9nements qui sont pass\u00e9s avant cette rencontre et le message qui a \u00e9t\u00e9 envoy\u00e9, nous appelle \u00e0 pr\u00e9server notre environnement&gt;&gt;. A d\u00e9clar\u00e9 Hele Pierre Ministre de l&rsquo;environnement.<\/p>\n<figure id=\"attachment_1578\" aria-describedby=\"caption-attachment-1578\" style=\"width: 300px\" class=\"wp-caption aligncenter\"><a href=\"https:\/\/kribicamerouninfos.net\/index.php\/bassin-du-congo-un-patrimoine-a-preserver\/img_20250617_110714\/\" rel=\"attachment wp-att-1578\"><img loading=\"lazy\" decoding=\"async\" class=\"size-medium wp-image-1578\" src=\"http:\/\/kribicamerouninfos.net\/wp-content\/uploads\/2025\/06\/IMG_20250617_110714-300x226.jpg\" alt=\"Bassin du Congo patrimoine \u00e0 pr\u00e9server \" width=\"300\" height=\"226\" srcset=\"https:\/\/kribicamerouninfos.net\/wp-content\/uploads\/2025\/06\/IMG_20250617_110714-300x226.jpg 300w, https:\/\/kribicamerouninfos.net\/wp-content\/uploads\/2025\/06\/IMG_20250617_110714-1024x771.jpg 1024w, https:\/\/kribicamerouninfos.net\/wp-content\/uploads\/2025\/06\/IMG_20250617_110714-768x578.jpg 768w, https:\/\/kribicamerouninfos.net\/wp-content\/uploads\/2025\/06\/IMG_20250617_110714-1536x1157.jpg 1536w, https:\/\/kribicamerouninfos.net\/wp-content\/uploads\/2025\/06\/IMG_20250617_110714-2048x1542.jpg 2048w, https:\/\/kribicamerouninfos.net\/wp-content\/uploads\/2025\/06\/IMG_20250617_110714-720x540.jpg 720w\" sizes=\"auto, (max-width: 300px) 100vw, 300px\" \/><\/a><figcaption id=\"caption-attachment-1578\" class=\"wp-caption-text\">H\u00e9l\u00e9 Pierre, ministre camerounais de l&rsquo;environnement et de la protection de la nature<\/figcaption><\/figure>\n<p style=\"text-align: left\"><a href=\"https:\/\/kribicamerouninfos.net\/index.php\/bassin-du-congo-un-patrimoine-a-preserver\/img_20250617_095020\/\" rel=\"attachment wp-att-1579\"><img loading=\"lazy\" decoding=\"async\" class=\"aligncenter size-medium wp-image-1579\" src=\"http:\/\/kribicamerouninfos.net\/wp-content\/uploads\/2025\/06\/IMG_20250617_095020-300x226.jpg\" alt=\"\" width=\"300\" height=\"226\" srcset=\"https:\/\/kribicamerouninfos.net\/wp-content\/uploads\/2025\/06\/IMG_20250617_095020-300x226.jpg 300w, https:\/\/kribicamerouninfos.net\/wp-content\/uploads\/2025\/06\/IMG_20250617_095020-1024x771.jpg 1024w, https:\/\/kribicamerouninfos.net\/wp-content\/uploads\/2025\/06\/IMG_20250617_095020-768x578.jpg 768w, https:\/\/kribicamerouninfos.net\/wp-content\/uploads\/2025\/06\/IMG_20250617_095020-1536x1157.jpg 1536w, https:\/\/kribicamerouninfos.net\/wp-content\/uploads\/2025\/06\/IMG_20250617_095020-2048x1542.jpg 2048w, https:\/\/kribicamerouninfos.net\/wp-content\/uploads\/2025\/06\/IMG_20250617_095020-720x540.jpg 720w\" sizes=\"auto, (max-width: 300px) 100vw, 300px\" \/><\/a><\/p>\n<p style=\"text-align: left\">Le programme int\u00e9gr\u00e9 pour la for\u00eat du congo a \u00e9t\u00e9 mis sur pieds dans l&rsquo;optique de catalyseur les dynamiques transformationnelles qui vont aider \u00e0 am\u00e9liorer les partenariats des secteurs priv\u00e9s. &lt;&lt; le programme est ax\u00e9 sur la gestion des paysages int\u00e9gr\u00e9s des for\u00eats du bassin du congo dans l&rsquo;optique de catalyser les dynamiques qui vont am\u00e9liorer \u00e0 la fois les processus, l&rsquo;engagement des partenaires de secteurs priv\u00e9s, les communaut\u00e9s dans la gestion durable de nos for\u00eats et des \u00e9cosyst\u00e8mes critiques et la pr\u00e9servation du capital naturel que repr\u00e9sente \u00e0 la fois le bassin du congo.&gt;&gt; a ajout\u00e9 Georges Neba Akwah.<\/p>\n<figure id=\"attachment_1580\" aria-describedby=\"caption-attachment-1580\" style=\"width: 300px\" class=\"wp-caption aligncenter\"><a href=\"https:\/\/kribicamerouninfos.net\/index.php\/bassin-du-congo-un-patrimoine-a-preserver\/img_20250617_094857\/\" rel=\"attachment wp-att-1580\"><img loading=\"lazy\" decoding=\"async\" class=\"size-medium wp-image-1580\" src=\"http:\/\/kribicamerouninfos.net\/wp-content\/uploads\/2025\/06\/IMG_20250617_094857-300x226.jpg\" alt=\"Le bassin du Congo est un patrimoine mondial \u00e0 pr\u00e9server. \" width=\"300\" height=\"226\" srcset=\"https:\/\/kribicamerouninfos.net\/wp-content\/uploads\/2025\/06\/IMG_20250617_094857-300x226.jpg 300w, https:\/\/kribicamerouninfos.net\/wp-content\/uploads\/2025\/06\/IMG_20250617_094857-1024x771.jpg 1024w, https:\/\/kribicamerouninfos.net\/wp-content\/uploads\/2025\/06\/IMG_20250617_094857-768x578.jpg 768w, https:\/\/kribicamerouninfos.net\/wp-content\/uploads\/2025\/06\/IMG_20250617_094857-1536x1157.jpg 1536w, https:\/\/kribicamerouninfos.net\/wp-content\/uploads\/2025\/06\/IMG_20250617_094857-2048x1542.jpg 2048w, https:\/\/kribicamerouninfos.net\/wp-content\/uploads\/2025\/06\/IMG_20250617_094857-720x540.jpg 720w\" sizes=\"auto, (max-width: 300px) 100vw, 300px\" \/><\/a><figcaption id=\"caption-attachment-1580\" class=\"wp-caption-text\">Des acteurs pr\u00e9sents \u00e0 la conf\u00e9rence de Kribi<\/figcaption><\/figure>\n<p style=\"text-align: left\"><a href=\"https:\/\/kribicamerouninfos.net\/index.php\/bassin-du-congo-un-patrimoine-a-preserver\/img_20250617_094911\/\" rel=\"attachment wp-att-1581\"><img loading=\"lazy\" decoding=\"async\" class=\"aligncenter size-medium wp-image-1581\" src=\"http:\/\/kribicamerouninfos.net\/wp-content\/uploads\/2025\/06\/IMG_20250617_094911-300x226.jpg\" alt=\"\" width=\"300\" height=\"226\" srcset=\"https:\/\/kribicamerouninfos.net\/wp-content\/uploads\/2025\/06\/IMG_20250617_094911-300x226.jpg 300w, https:\/\/kribicamerouninfos.net\/wp-content\/uploads\/2025\/06\/IMG_20250617_094911-1024x771.jpg 1024w, https:\/\/kribicamerouninfos.net\/wp-content\/uploads\/2025\/06\/IMG_20250617_094911-768x578.jpg 768w, https:\/\/kribicamerouninfos.net\/wp-content\/uploads\/2025\/06\/IMG_20250617_094911-1536x1157.jpg 1536w, https:\/\/kribicamerouninfos.net\/wp-content\/uploads\/2025\/06\/IMG_20250617_094911-2048x1542.jpg 2048w, https:\/\/kribicamerouninfos.net\/wp-content\/uploads\/2025\/06\/IMG_20250617_094911-720x540.jpg 720w\" sizes=\"auto, (max-width: 300px) 100vw, 300px\" \/><\/a> <a href=\"https:\/\/kribicamerouninfos.net\/index.php\/bassin-du-congo-un-patrimoine-a-preserver\/img_20250617_104042\/\" rel=\"attachment wp-att-1582\"><img loading=\"lazy\" decoding=\"async\" class=\"aligncenter size-medium wp-image-1582\" src=\"http:\/\/kribicamerouninfos.net\/wp-content\/uploads\/2025\/06\/IMG_20250617_104042-300x226.jpg\" alt=\"\" width=\"300\" height=\"226\" srcset=\"https:\/\/kribicamerouninfos.net\/wp-content\/uploads\/2025\/06\/IMG_20250617_104042-300x226.jpg 300w, https:\/\/kribicamerouninfos.net\/wp-content\/uploads\/2025\/06\/IMG_20250617_104042-1024x771.jpg 1024w, https:\/\/kribicamerouninfos.net\/wp-content\/uploads\/2025\/06\/IMG_20250617_104042-768x578.jpg 768w, https:\/\/kribicamerouninfos.net\/wp-content\/uploads\/2025\/06\/IMG_20250617_104042-1536x1157.jpg 1536w, https:\/\/kribicamerouninfos.net\/wp-content\/uploads\/2025\/06\/IMG_20250617_104042-2048x1542.jpg 2048w, https:\/\/kribicamerouninfos.net\/wp-content\/uploads\/2025\/06\/IMG_20250617_104042-720x540.jpg 720w\" sizes=\"auto, (max-width: 300px) 100vw, 300px\" \/><\/a> <a href=\"https:\/\/kribicamerouninfos.net\/index.php\/bassin-du-congo-un-patrimoine-a-preserver\/img_20250617_094817\/\" rel=\"attachment wp-att-1583\"><img loading=\"lazy\" decoding=\"async\" class=\"aligncenter size-medium wp-image-1583\" src=\"http:\/\/kribicamerouninfos.net\/wp-content\/uploads\/2025\/06\/IMG_20250617_094817-300x226.jpg\" alt=\"\" width=\"300\" height=\"226\" srcset=\"https:\/\/kribicamerouninfos.net\/wp-content\/uploads\/2025\/06\/IMG_20250617_094817-300x226.jpg 300w, https:\/\/kribicamerouninfos.net\/wp-content\/uploads\/2025\/06\/IMG_20250617_094817-1024x771.jpg 1024w, https:\/\/kribicamerouninfos.net\/wp-content\/uploads\/2025\/06\/IMG_20250617_094817-768x578.jpg 768w, https:\/\/kribicamerouninfos.net\/wp-content\/uploads\/2025\/06\/IMG_20250617_094817-1536x1157.jpg 1536w, https:\/\/kribicamerouninfos.net\/wp-content\/uploads\/2025\/06\/IMG_20250617_094817-2048x1542.jpg 2048w, https:\/\/kribicamerouninfos.net\/wp-content\/uploads\/2025\/06\/IMG_20250617_094817-720x540.jpg 720w\" sizes=\"auto, (max-width: 300px) 100vw, 300px\" \/><\/a><\/p>\n<p style=\"text-align: left\">\n<p style=\"text-align: left\">L&rsquo;initiative pour le paysage du bassin du congo travaille avec les gouvernements et les partenaires pour pr\u00e9server la for\u00eat tropicale. Le programme int\u00e9gr\u00e9 pour les for\u00eats du congo est financ\u00e9 par le GEF. &lt;&lt; c&rsquo;est un travail partenarial, c&rsquo;est pour cela que le GEF est une facilit\u00e9. C&rsquo;est une famille de fond. On a plusieurs fonds pour supporter les pays, et travailler sur toutes ces probl\u00e9matiques environnementales du changement climatique \u00e0 la biodiversit\u00e9.&gt;&gt; a confi\u00e9 Jean Marc Sinassany responsable des programmes du GEF.<\/p>\n<figure id=\"attachment_1584\" aria-describedby=\"caption-attachment-1584\" style=\"width: 300px\" class=\"wp-caption aligncenter\"><a href=\"https:\/\/kribicamerouninfos.net\/index.php\/bassin-du-congo-un-patrimoine-a-preserver\/img_20250617_112133\/\" rel=\"attachment wp-att-1584\"><img loading=\"lazy\" decoding=\"async\" class=\"size-medium wp-image-1584\" src=\"http:\/\/kribicamerouninfos.net\/wp-content\/uploads\/2025\/06\/IMG_20250617_112133-300x226.jpg\" alt=\"Kribi a accueilli la conf\u00e9rence sur le bassin du Congo qui est une richesse \u00e0 pr\u00e9server \" width=\"300\" height=\"226\" srcset=\"https:\/\/kribicamerouninfos.net\/wp-content\/uploads\/2025\/06\/IMG_20250617_112133-300x226.jpg 300w, https:\/\/kribicamerouninfos.net\/wp-content\/uploads\/2025\/06\/IMG_20250617_112133-1024x771.jpg 1024w, https:\/\/kribicamerouninfos.net\/wp-content\/uploads\/2025\/06\/IMG_20250617_112133-768x578.jpg 768w, https:\/\/kribicamerouninfos.net\/wp-content\/uploads\/2025\/06\/IMG_20250617_112133-1536x1157.jpg 1536w, https:\/\/kribicamerouninfos.net\/wp-content\/uploads\/2025\/06\/IMG_20250617_112133-2048x1542.jpg 2048w, https:\/\/kribicamerouninfos.net\/wp-content\/uploads\/2025\/06\/IMG_20250617_112133-720x540.jpg 720w\" sizes=\"auto, (max-width: 300px) 100vw, 300px\" \/><\/a><figcaption id=\"caption-attachment-1584\" class=\"wp-caption-text\">For\u00eats critiques. Les acteurs engag\u00e9s \u00e0 lutter pour la pr\u00e9servation<\/figcaption><\/figure>\n<p style=\"text-align: left\"><a href=\"https:\/\/kribicamerouninfos.net\/index.php\/bassin-du-congo-un-patrimoine-a-preserver\/img_20250617_095012\/\" rel=\"attachment wp-att-1585\"><img loading=\"lazy\" decoding=\"async\" class=\"aligncenter size-medium wp-image-1585\" src=\"http:\/\/kribicamerouninfos.net\/wp-content\/uploads\/2025\/06\/IMG_20250617_095012-300x226.jpg\" alt=\"\" width=\"300\" height=\"226\" srcset=\"https:\/\/kribicamerouninfos.net\/wp-content\/uploads\/2025\/06\/IMG_20250617_095012-300x226.jpg 300w, https:\/\/kribicamerouninfos.net\/wp-content\/uploads\/2025\/06\/IMG_20250617_095012-1024x771.jpg 1024w, https:\/\/kribicamerouninfos.net\/wp-content\/uploads\/2025\/06\/IMG_20250617_095012-768x578.jpg 768w, https:\/\/kribicamerouninfos.net\/wp-content\/uploads\/2025\/06\/IMG_20250617_095012-1536x1157.jpg 1536w, https:\/\/kribicamerouninfos.net\/wp-content\/uploads\/2025\/06\/IMG_20250617_095012-2048x1542.jpg 2048w, https:\/\/kribicamerouninfos.net\/wp-content\/uploads\/2025\/06\/IMG_20250617_095012-720x540.jpg 720w\" sizes=\"auto, (max-width: 300px) 100vw, 300px\" \/><\/a> <a href=\"https:\/\/kribicamerouninfos.net\/index.php\/bassin-du-congo-un-patrimoine-a-preserver\/img_20250617_094951\/\" rel=\"attachment wp-att-1586\"><img loading=\"lazy\" decoding=\"async\" class=\"aligncenter size-medium wp-image-1586\" src=\"http:\/\/kribicamerouninfos.net\/wp-content\/uploads\/2025\/06\/IMG_20250617_094951-300x226.jpg\" alt=\"\" width=\"300\" height=\"226\" srcset=\"https:\/\/kribicamerouninfos.net\/wp-content\/uploads\/2025\/06\/IMG_20250617_094951-300x226.jpg 300w, https:\/\/kribicamerouninfos.net\/wp-content\/uploads\/2025\/06\/IMG_20250617_094951-1024x771.jpg 1024w, https:\/\/kribicamerouninfos.net\/wp-content\/uploads\/2025\/06\/IMG_20250617_094951-768x578.jpg 768w, https:\/\/kribicamerouninfos.net\/wp-content\/uploads\/2025\/06\/IMG_20250617_094951-1536x1157.jpg 1536w, https:\/\/kribicamerouninfos.net\/wp-content\/uploads\/2025\/06\/IMG_20250617_094951-2048x1542.jpg 2048w, https:\/\/kribicamerouninfos.net\/wp-content\/uploads\/2025\/06\/IMG_20250617_094951-720x540.jpg 720w\" sizes=\"auto, (max-width: 300px) 100vw, 300px\" \/><\/a><\/p>\n<p style=\"text-align: left\">Durant 4 jours, les acteurs \u00e9tatiques, les ONG et les experts,\u00a0 ont \u00e9chang\u00e9 sur les m\u00e9canismes de protection du bassin du congo et de la biodiversit\u00e9. La collaboration entre tous ces acteurs est cruciale pour assurer un avenir durable pour les for\u00eats et les communaut\u00e9s qui en d\u00e9pendent. Cette rencontre annuelle \u00e9tait plac\u00e9e sous le th\u00e8me :&lt;&lt; promouvoir les \u00e9changes Sud &#8211; Sud pour la conservation des paysages forestiers critiques dans le bassin du Congo et les for\u00eats de haute Guin\u00e9e en Afrique de l&rsquo;ouest.<\/p>\n","protected":false},"excerpt":{"rendered":"<p>La ville de Kribi au Cameroun a accueilli du 16 au 20\u00a0 juin 2025, les<\/p>\n","protected":false},"author":3,"featured_media":1584,"comment_status":"open","ping_status":"open","sticky":false,"template":"","format":"standard","meta":{"footnotes":""},"categories":[221],"tags":[283],"class_list":["post-1577","post","type-post","status-publish","format-standard","has-post-thumbnail","hentry","category-environnement","tag-conservation-des-paysages-forestiers-critiques-bassin-du-congo"],"yoast_head":"<!-- This site is optimized with the Yoast SEO plugin v27.5 - https:\/\/yoast.com\/product\/yoast-seo-wordpress\/ -->\n<title>Bassin du Congo: Un patrimoine \u00e0 pr\u00e9server - Kribi Cameroun infos<\/title>\n<meta name=\"description\" content=\"La conf\u00e9rence annuelle sur la conservation des paysages forestiers critiques dans le bassin du Congo s&#039;est tenue \u00e0 Kribi du 16 au 20 \/06\/25\" \/>\n<meta name=\"robots\" content=\"index, follow, max-snippet:-1, max-image-preview:large, max-video-preview:-1\" \/>\n<link rel=\"canonical\" href=\"https:\/\/kribicamerouninfos.net\/index.php\/bassin-du-congo-un-patrimoine-a-preserver\/\" \/>\n<meta property=\"og:locale\" content=\"fr_FR\" \/>\n<meta property=\"og:type\" content=\"article\" \/>\n<meta property=\"og:title\" content=\"Bassin du Congo Un patrimoine \u00e0 pr\u00e9server\" \/>\n<meta property=\"og:description\" content=\"Promouvoir les \u00e9changes Sud Sud pour la conservation des paysages forestiers critiques dans le bassin du Congo\" \/>\n<meta property=\"og:url\" content=\"https:\/\/kribicamerouninfos.net\/index.php\/bassin-du-congo-un-patrimoine-a-preserver\/\" \/>\n<meta property=\"og:site_name\" content=\"Kribi Cameroun infos\" \/>\n<meta property=\"article:published_time\" content=\"2025-06-19T07:27:21+00:00\" \/>\n<meta property=\"og:image\" content=\"http:\/\/kribicamerouninfos.net\/wp-content\/uploads\/2025\/06\/IMG_20250617_112133-scaled.jpg\" \/>\n\t<meta property=\"og:image:width\" content=\"2560\" \/>\n\t<meta property=\"og:image:height\" content=\"1928\" \/>\n\t<meta property=\"og:image:type\" content=\"image\/jpeg\" \/>\n<meta name=\"author\" content=\"Catherine Danisa Kabeyene\" \/>\n<meta name=\"twitter:card\" content=\"summary_large_image\" \/>\n<meta name=\"twitter:title\" content=\"Bassin du Congo les acteurs luttent pour la pr\u00e9servation des paysages forestiers critiques\" \/>\n<meta name=\"twitter:description\" content=\"Une conf\u00e9rence annuelle Sud Sud s&#039;est tenue \u00e0 Kribi au Cameroun du 16 au 20 juin 2025\" \/>\n<meta name=\"twitter:image\" content=\"https:\/\/kribicamerouninfos.net\/wp-content\/uploads\/2025\/06\/IMG_20250617_112133-scaled.jpg\" \/>\n<meta name=\"twitter:label1\" content=\"\u00c9crit par\" \/>\n\t<meta name=\"twitter:data1\" content=\"Catherine Danisa Kabeyene\" \/>\n\t<meta name=\"twitter:label2\" content=\"Dur\u00e9e de lecture estim\u00e9e\" \/>\n\t<meta name=\"twitter:data2\" content=\"4 minutes\" \/>\n<script type=\"application\/ld+json\" class=\"yoast-schema-graph\">{\"@context\":\"https:\\\/\\\/schema.org\",\"@graph\":[{\"@type\":\"Article\",\"@id\":\"https:\\\/\\\/kribicamerouninfos.net\\\/index.php\\\/bassin-du-congo-un-patrimoine-a-preserver\\\/#article\",\"isPartOf\":{\"@id\":\"https:\\\/\\\/kribicamerouninfos.net\\\/index.php\\\/bassin-du-congo-un-patrimoine-a-preserver\\\/\"},\"author\":{\"name\":\"Catherine Danisa Kabeyene\",\"@id\":\"https:\\\/\\\/kribicamerouninfos.net\\\/#\\\/schema\\\/person\\\/e3d26ae0ce08b69c34c4cd563db5542e\"},\"headline\":\"Bassin du Congo: Un patrimoine \u00e0 pr\u00e9server\",\"datePublished\":\"2025-06-19T07:27:21+00:00\",\"mainEntityOfPage\":{\"@id\":\"https:\\\/\\\/kribicamerouninfos.net\\\/index.php\\\/bassin-du-congo-un-patrimoine-a-preserver\\\/\"},\"wordCount\":593,\"commentCount\":0,\"publisher\":{\"@id\":\"https:\\\/\\\/kribicamerouninfos.net\\\/#organization\"},\"image\":{\"@id\":\"https:\\\/\\\/kribicamerouninfos.net\\\/index.php\\\/bassin-du-congo-un-patrimoine-a-preserver\\\/#primaryimage\"},\"thumbnailUrl\":\"https:\\\/\\\/kribicamerouninfos.net\\\/wp-content\\\/uploads\\\/2025\\\/06\\\/IMG_20250617_112133-scaled.jpg\",\"keywords\":[\"Conservation des paysages forestiers critiques bassin du Congo\"],\"articleSection\":[\"Environnement\"],\"inLanguage\":\"fr-FR\",\"potentialAction\":[{\"@type\":\"CommentAction\",\"name\":\"Comment\",\"target\":[\"https:\\\/\\\/kribicamerouninfos.net\\\/index.php\\\/bassin-du-congo-un-patrimoine-a-preserver\\\/#respond\"]}]},{\"@type\":\"WebPage\",\"@id\":\"https:\\\/\\\/kribicamerouninfos.net\\\/index.php\\\/bassin-du-congo-un-patrimoine-a-preserver\\\/\",\"url\":\"https:\\\/\\\/kribicamerouninfos.net\\\/index.php\\\/bassin-du-congo-un-patrimoine-a-preserver\\\/\",\"name\":\"Bassin du Congo: Un patrimoine \u00e0 pr\u00e9server - Kribi Cameroun infos\",\"isPartOf\":{\"@id\":\"https:\\\/\\\/kribicamerouninfos.net\\\/#website\"},\"primaryImageOfPage\":{\"@id\":\"https:\\\/\\\/kribicamerouninfos.net\\\/index.php\\\/bassin-du-congo-un-patrimoine-a-preserver\\\/#primaryimage\"},\"image\":{\"@id\":\"https:\\\/\\\/kribicamerouninfos.net\\\/index.php\\\/bassin-du-congo-un-patrimoine-a-preserver\\\/#primaryimage\"},\"thumbnailUrl\":\"https:\\\/\\\/kribicamerouninfos.net\\\/wp-content\\\/uploads\\\/2025\\\/06\\\/IMG_20250617_112133-scaled.jpg\",\"datePublished\":\"2025-06-19T07:27:21+00:00\",\"description\":\"La conf\u00e9rence annuelle sur la conservation des paysages forestiers critiques dans le bassin du Congo s'est tenue \u00e0 Kribi du 16 au 20 \\\/06\\\/25\",\"breadcrumb\":{\"@id\":\"https:\\\/\\\/kribicamerouninfos.net\\\/index.php\\\/bassin-du-congo-un-patrimoine-a-preserver\\\/#breadcrumb\"},\"inLanguage\":\"fr-FR\",\"potentialAction\":[{\"@type\":\"ReadAction\",\"target\":[\"https:\\\/\\\/kribicamerouninfos.net\\\/index.php\\\/bassin-du-congo-un-patrimoine-a-preserver\\\/\"]}]},{\"@type\":\"ImageObject\",\"inLanguage\":\"fr-FR\",\"@id\":\"https:\\\/\\\/kribicamerouninfos.net\\\/index.php\\\/bassin-du-congo-un-patrimoine-a-preserver\\\/#primaryimage\",\"url\":\"https:\\\/\\\/kribicamerouninfos.net\\\/wp-content\\\/uploads\\\/2025\\\/06\\\/IMG_20250617_112133-scaled.jpg\",\"contentUrl\":\"https:\\\/\\\/kribicamerouninfos.net\\\/wp-content\\\/uploads\\\/2025\\\/06\\\/IMG_20250617_112133-scaled.jpg\",\"width\":2560,\"height\":1928,\"caption\":\"For\u00eats critiques. Les acteurs engag\u00e9s \u00e0 lutter pour la pr\u00e9servation\"},{\"@type\":\"BreadcrumbList\",\"@id\":\"https:\\\/\\\/kribicamerouninfos.net\\\/index.php\\\/bassin-du-congo-un-patrimoine-a-preserver\\\/#breadcrumb\",\"itemListElement\":[{\"@type\":\"ListItem\",\"position\":1,\"name\":\"Accueil\",\"item\":\"https:\\\/\\\/kribicamerouninfos.net\\\/\"},{\"@type\":\"ListItem\",\"position\":2,\"name\":\"Bassin du Congo: Un patrimoine \u00e0 pr\u00e9server\"}]},{\"@type\":\"WebSite\",\"@id\":\"https:\\\/\\\/kribicamerouninfos.net\\\/#website\",\"url\":\"https:\\\/\\\/kribicamerouninfos.net\\\/\",\"name\":\"Kribi Cameroun infos\",\"description\":\"Site d&#039;informations g\u00e9n\u00e9rales\",\"publisher\":{\"@id\":\"https:\\\/\\\/kribicamerouninfos.net\\\/#organization\"},\"potentialAction\":[{\"@type\":\"SearchAction\",\"target\":{\"@type\":\"EntryPoint\",\"urlTemplate\":\"https:\\\/\\\/kribicamerouninfos.net\\\/?s={search_term_string}\"},\"query-input\":{\"@type\":\"PropertyValueSpecification\",\"valueRequired\":true,\"valueName\":\"search_term_string\"}}],\"inLanguage\":\"fr-FR\"},{\"@type\":\"Organization\",\"@id\":\"https:\\\/\\\/kribicamerouninfos.net\\\/#organization\",\"name\":\"Kribi Cameroun infos\",\"url\":\"https:\\\/\\\/kribicamerouninfos.net\\\/\",\"logo\":{\"@type\":\"ImageObject\",\"inLanguage\":\"fr-FR\",\"@id\":\"https:\\\/\\\/kribicamerouninfos.net\\\/#\\\/schema\\\/logo\\\/image\\\/\",\"url\":\"https:\\\/\\\/kribicamerouninfos.net\\\/wp-content\\\/uploads\\\/2025\\\/12\\\/cropped-logo_site.png\",\"contentUrl\":\"https:\\\/\\\/kribicamerouninfos.net\\\/wp-content\\\/uploads\\\/2025\\\/12\\\/cropped-logo_site.png\",\"width\":343,\"height\":90,\"caption\":\"Kribi Cameroun infos\"},\"image\":{\"@id\":\"https:\\\/\\\/kribicamerouninfos.net\\\/#\\\/schema\\\/logo\\\/image\\\/\"}},{\"@type\":\"Person\",\"@id\":\"https:\\\/\\\/kribicamerouninfos.net\\\/#\\\/schema\\\/person\\\/e3d26ae0ce08b69c34c4cd563db5542e\",\"name\":\"Catherine Danisa Kabeyene\",\"image\":{\"@type\":\"ImageObject\",\"inLanguage\":\"fr-FR\",\"@id\":\"https:\\\/\\\/secure.gravatar.com\\\/avatar\\\/2d8a083898ab5ec28c87079dd407e64d81495892bb9384e7af7bd1c76e04af98?s=96&d=mm&r=g\",\"url\":\"https:\\\/\\\/secure.gravatar.com\\\/avatar\\\/2d8a083898ab5ec28c87079dd407e64d81495892bb9384e7af7bd1c76e04af98?s=96&d=mm&r=g\",\"contentUrl\":\"https:\\\/\\\/secure.gravatar.com\\\/avatar\\\/2d8a083898ab5ec28c87079dd407e64d81495892bb9384e7af7bd1c76e04af98?s=96&d=mm&r=g\",\"caption\":\"Catherine Danisa Kabeyene\"},\"description\":\"\u00c2g\u00e9e de 28 ans, Catherine Danisa Kabeyene est une jeune journaliste form\u00e9e, dot\u00e9e d'un talent inn\u00e9 en journalisme o\u00f9 elle jouit d'une exp\u00e9rience de plus de trois ans de pratique du m\u00e9tier.\",\"sameAs\":[\"http:\\\/\\\/www.kribicamerouninfos.net\"],\"url\":\"https:\\\/\\\/kribicamerouninfos.net\\\/index.php\\\/author\\\/catherine-kabeyene\\\/\"}]}<\/script>\n<!-- \/ Yoast SEO plugin. -->","yoast_head_json":{"title":"Bassin du Congo: Un patrimoine \u00e0 pr\u00e9server - Kribi Cameroun infos","description":"La conf\u00e9rence annuelle sur la conservation des paysages forestiers critiques dans le bassin du Congo s'est tenue \u00e0 Kribi du 16 au 20 \/06\/25","robots":{"index":"index","follow":"follow","max-snippet":"max-snippet:-1","max-image-preview":"max-image-preview:large","max-video-preview":"max-video-preview:-1"},"canonical":"https:\/\/kribicamerouninfos.net\/index.php\/bassin-du-congo-un-patrimoine-a-preserver\/","og_locale":"fr_FR","og_type":"article","og_title":"Bassin du Congo Un patrimoine \u00e0 pr\u00e9server","og_description":"Promouvoir les \u00e9changes Sud Sud pour la conservation des paysages forestiers critiques dans le bassin du Congo","og_url":"https:\/\/kribicamerouninfos.net\/index.php\/bassin-du-congo-un-patrimoine-a-preserver\/","og_site_name":"Kribi Cameroun infos","article_published_time":"2025-06-19T07:27:21+00:00","og_image":[{"width":2560,"height":1928,"url":"http:\/\/kribicamerouninfos.net\/wp-content\/uploads\/2025\/06\/IMG_20250617_112133-scaled.jpg","type":"image\/jpeg"}],"author":"Catherine Danisa Kabeyene","twitter_card":"summary_large_image","twitter_title":"Bassin du Congo les acteurs luttent pour la pr\u00e9servation des paysages forestiers critiques","twitter_description":"Une conf\u00e9rence annuelle Sud Sud s'est tenue \u00e0 Kribi au Cameroun du 16 au 20 juin 2025","twitter_image":"https:\/\/kribicamerouninfos.net\/wp-content\/uploads\/2025\/06\/IMG_20250617_112133-scaled.jpg","twitter_misc":{"\u00c9crit par":"Catherine Danisa Kabeyene","Dur\u00e9e de lecture estim\u00e9e":"4 minutes"},"schema":{"@context":"https:\/\/schema.org","@graph":[{"@type":"Article","@id":"https:\/\/kribicamerouninfos.net\/index.php\/bassin-du-congo-un-patrimoine-a-preserver\/#article","isPartOf":{"@id":"https:\/\/kribicamerouninfos.net\/index.php\/bassin-du-congo-un-patrimoine-a-preserver\/"},"author":{"name":"Catherine Danisa Kabeyene","@id":"https:\/\/kribicamerouninfos.net\/#\/schema\/person\/e3d26ae0ce08b69c34c4cd563db5542e"},"headline":"Bassin du Congo: Un patrimoine \u00e0 pr\u00e9server","datePublished":"2025-06-19T07:27:21+00:00","mainEntityOfPage":{"@id":"https:\/\/kribicamerouninfos.net\/index.php\/bassin-du-congo-un-patrimoine-a-preserver\/"},"wordCount":593,"commentCount":0,"publisher":{"@id":"https:\/\/kribicamerouninfos.net\/#organization"},"image":{"@id":"https:\/\/kribicamerouninfos.net\/index.php\/bassin-du-congo-un-patrimoine-a-preserver\/#primaryimage"},"thumbnailUrl":"https:\/\/kribicamerouninfos.net\/wp-content\/uploads\/2025\/06\/IMG_20250617_112133-scaled.jpg","keywords":["Conservation des paysages forestiers critiques bassin du Congo"],"articleSection":["Environnement"],"inLanguage":"fr-FR","potentialAction":[{"@type":"CommentAction","name":"Comment","target":["https:\/\/kribicamerouninfos.net\/index.php\/bassin-du-congo-un-patrimoine-a-preserver\/#respond"]}]},{"@type":"WebPage","@id":"https:\/\/kribicamerouninfos.net\/index.php\/bassin-du-congo-un-patrimoine-a-preserver\/","url":"https:\/\/kribicamerouninfos.net\/index.php\/bassin-du-congo-un-patrimoine-a-preserver\/","name":"Bassin du Congo: Un patrimoine \u00e0 pr\u00e9server - Kribi Cameroun infos","isPartOf":{"@id":"https:\/\/kribicamerouninfos.net\/#website"},"primaryImageOfPage":{"@id":"https:\/\/kribicamerouninfos.net\/index.php\/bassin-du-congo-un-patrimoine-a-preserver\/#primaryimage"},"image":{"@id":"https:\/\/kribicamerouninfos.net\/index.php\/bassin-du-congo-un-patrimoine-a-preserver\/#primaryimage"},"thumbnailUrl":"https:\/\/kribicamerouninfos.net\/wp-content\/uploads\/2025\/06\/IMG_20250617_112133-scaled.jpg","datePublished":"2025-06-19T07:27:21+00:00","description":"La conf\u00e9rence annuelle sur la conservation des paysages forestiers critiques dans le bassin du Congo s'est tenue \u00e0 Kribi du 16 au 20 \/06\/25","breadcrumb":{"@id":"https:\/\/kribicamerouninfos.net\/index.php\/bassin-du-congo-un-patrimoine-a-preserver\/#breadcrumb"},"inLanguage":"fr-FR","potentialAction":[{"@type":"ReadAction","target":["https:\/\/kribicamerouninfos.net\/index.php\/bassin-du-congo-un-patrimoine-a-preserver\/"]}]},{"@type":"ImageObject","inLanguage":"fr-FR","@id":"https:\/\/kribicamerouninfos.net\/index.php\/bassin-du-congo-un-patrimoine-a-preserver\/#primaryimage","url":"https:\/\/kribicamerouninfos.net\/wp-content\/uploads\/2025\/06\/IMG_20250617_112133-scaled.jpg","contentUrl":"https:\/\/kribicamerouninfos.net\/wp-content\/uploads\/2025\/06\/IMG_20250617_112133-scaled.jpg","width":2560,"height":1928,"caption":"For\u00eats critiques. Les acteurs engag\u00e9s \u00e0 lutter pour la pr\u00e9servation"},{"@type":"BreadcrumbList","@id":"https:\/\/kribicamerouninfos.net\/index.php\/bassin-du-congo-un-patrimoine-a-preserver\/#breadcrumb","itemListElement":[{"@type":"ListItem","position":1,"name":"Accueil","item":"https:\/\/kribicamerouninfos.net\/"},{"@type":"ListItem","position":2,"name":"Bassin du Congo: Un patrimoine \u00e0 pr\u00e9server"}]},{"@type":"WebSite","@id":"https:\/\/kribicamerouninfos.net\/#website","url":"https:\/\/kribicamerouninfos.net\/","name":"Kribi Cameroun infos","description":"Site d&#039;informations g\u00e9n\u00e9rales","publisher":{"@id":"https:\/\/kribicamerouninfos.net\/#organization"},"potentialAction":[{"@type":"SearchAction","target":{"@type":"EntryPoint","urlTemplate":"https:\/\/kribicamerouninfos.net\/?s={search_term_string}"},"query-input":{"@type":"PropertyValueSpecification","valueRequired":true,"valueName":"search_term_string"}}],"inLanguage":"fr-FR"},{"@type":"Organization","@id":"https:\/\/kribicamerouninfos.net\/#organization","name":"Kribi Cameroun infos","url":"https:\/\/kribicamerouninfos.net\/","logo":{"@type":"ImageObject","inLanguage":"fr-FR","@id":"https:\/\/kribicamerouninfos.net\/#\/schema\/logo\/image\/","url":"https:\/\/kribicamerouninfos.net\/wp-content\/uploads\/2025\/12\/cropped-logo_site.png","contentUrl":"https:\/\/kribicamerouninfos.net\/wp-content\/uploads\/2025\/12\/cropped-logo_site.png","width":343,"height":90,"caption":"Kribi Cameroun infos"},"image":{"@id":"https:\/\/kribicamerouninfos.net\/#\/schema\/logo\/image\/"}},{"@type":"Person","@id":"https:\/\/kribicamerouninfos.net\/#\/schema\/person\/e3d26ae0ce08b69c34c4cd563db5542e","name":"Catherine Danisa Kabeyene","image":{"@type":"ImageObject","inLanguage":"fr-FR","@id":"https:\/\/secure.gravatar.com\/avatar\/2d8a083898ab5ec28c87079dd407e64d81495892bb9384e7af7bd1c76e04af98?s=96&d=mm&r=g","url":"https:\/\/secure.gravatar.com\/avatar\/2d8a083898ab5ec28c87079dd407e64d81495892bb9384e7af7bd1c76e04af98?s=96&d=mm&r=g","contentUrl":"https:\/\/secure.gravatar.com\/avatar\/2d8a083898ab5ec28c87079dd407e64d81495892bb9384e7af7bd1c76e04af98?s=96&d=mm&r=g","caption":"Catherine Danisa Kabeyene"},"description":"\u00c2g\u00e9e de 28 ans, Catherine Danisa Kabeyene est une jeune journaliste form\u00e9e, dot\u00e9e d'un talent inn\u00e9 en journalisme o\u00f9 elle jouit d'une exp\u00e9rience de plus de trois ans de pratique du m\u00e9tier.","sameAs":["http:\/\/www.kribicamerouninfos.net"],"url":"https:\/\/kribicamerouninfos.net\/index.php\/author\/catherine-kabeyene\/"}]}},"_links":{"self":[{"href":"https:\/\/kribicamerouninfos.net\/index.php\/wp-json\/wp\/v2\/posts\/1577","targetHints":{"allow":["GET"]}}],"collection":[{"href":"https:\/\/kribicamerouninfos.net\/index.php\/wp-json\/wp\/v2\/posts"}],"about":[{"href":"https:\/\/kribicamerouninfos.net\/index.php\/wp-json\/wp\/v2\/types\/post"}],"author":[{"embeddable":true,"href":"https:\/\/kribicamerouninfos.net\/index.php\/wp-json\/wp\/v2\/users\/3"}],"replies":[{"embeddable":true,"href":"https:\/\/kribicamerouninfos.net\/index.php\/wp-json\/wp\/v2\/comments?post=1577"}],"version-history":[{"count":2,"href":"https:\/\/kribicamerouninfos.net\/index.php\/wp-json\/wp\/v2\/posts\/1577\/revisions"}],"predecessor-version":[{"id":1588,"href":"https:\/\/kribicamerouninfos.net\/index.php\/wp-json\/wp\/v2\/posts\/1577\/revisions\/1588"}],"wp:featuredmedia":[{"embeddable":true,"href":"https:\/\/kribicamerouninfos.net\/index.php\/wp-json\/wp\/v2\/media\/1584"}],"wp:attachment":[{"href":"https:\/\/kribicamerouninfos.net\/index.php\/wp-json\/wp\/v2\/media?parent=1577"}],"wp:term":[{"taxonomy":"category","embeddable":true,"href":"https:\/\/kribicamerouninfos.net\/index.php\/wp-json\/wp\/v2\/categories?post=1577"},{"taxonomy":"post_tag","embeddable":true,"href":"https:\/\/kribicamerouninfos.net\/index.php\/wp-json\/wp\/v2\/tags?post=1577"}],"curies":[{"name":"wp","href":"https:\/\/api.w.org\/{rel}","templated":true}]}}