{"id":1693,"date":"2025-08-10T23:01:57","date_gmt":"2025-08-10T22:01:57","guid":{"rendered":"https:\/\/kribicamerouninfos.net\/?p=1693"},"modified":"2025-08-10T23:48:28","modified_gmt":"2025-08-10T22:48:28","slug":"departement-de-la-boumba-et-ngoko-nouhou-bello-la-sentinelle-des-deux-frontieres","status":"publish","type":"post","link":"https:\/\/kribicamerouninfos.net\/index.php\/departement-de-la-boumba-et-ngoko-nouhou-bello-la-sentinelle-des-deux-frontieres\/","title":{"rendered":"D\u00e9partement de la Boumba-et-Ngoko: Nouhou Bello la sentinelle des deux fronti\u00e8res\u00a0"},"content":{"rendered":"<blockquote><p><em><strong>En dehors de la protection transfrontali\u00e8re, l\u2019ex pr\u00e9fet de l&rsquo;Oc\u00e9an d\u00e9sormais aux commandes de cette circonscription administrative limitrophe \u00e0 la Centrafrique et \u00e0 la r\u00e9publique du Congo a pour mission de promouvoir l\u2019\u00e9ducation et lutter contre l\u2019exploitation mini\u00e8re et foresti\u00e8re ill\u00e9gales.<\/strong><\/em><\/p><\/blockquote>\n<p>C\u2019est fait : Nouhou Bello a pris le commandement \u00e0 Yokadouma, chef-lieu du d\u00e9partement de la Boumba-et-Ngoko, r\u00e9gion de l\u2019Est, en remplacement de Mochi Johson Marafa, mut\u00e9 \u00e0 Ambam dans le d\u00e9partement de la Vall\u00e9e du Ntem. C&rsquo;\u00e9tait au cours d\u2019une c\u00e9r\u00e9monie tr\u00e8s courue o\u00f9 l\u2019assistante remarquable d\u2019une forte d\u00e9l\u00e9gation des \u00e9lites et chefs traditionnels de l\u2019Oc\u00e9an ne pouvait passer inaper\u00e7ue. Ces hommes et femmes, op\u00e9rateurs \u00e9conomiques, \u00e9lites et forces vives, patriarches Mabi et Batanga, ont brav\u00e9 pr\u00e8s de 2000 kilom\u00e8tres de route en aller et retour pour assister au rituel de Passation de commandement pr\u00e9sid\u00e9 mercredi 6 ao\u00fbt dernier par le gouverneur de la r\u00e9gion de l\u2019Est Gr\u00e9goire Mvogo.<\/p>\n<figure id=\"attachment_1694\" aria-describedby=\"caption-attachment-1694\" style=\"width: 159px\" class=\"wp-caption aligncenter\"><a href=\"https:\/\/kribicamerouninfos.net\/index.php\/departement-de-la-boumba-et-ngoko-nouhou-bello-la-sentinelle-des-deux-frontieres\/fb_img_1754642767960\/\" rel=\"attachment wp-att-1694\"><img loading=\"lazy\" decoding=\"async\" class=\"size-medium wp-image-1694\" src=\"http:\/\/kribicamerouninfos.net\/wp-content\/uploads\/2025\/08\/FB_IMG_1754642767960-159x300.jpg\" alt=\"D\u00e9partement de la Boumba-et-Ngoko Nouhou Bello la sentinelle des deux fronti\u00e8res \" width=\"159\" height=\"300\" srcset=\"https:\/\/kribicamerouninfos.net\/wp-content\/uploads\/2025\/08\/FB_IMG_1754642767960-159x300.jpg 159w, https:\/\/kribicamerouninfos.net\/wp-content\/uploads\/2025\/08\/FB_IMG_1754642767960-543x1024.jpg 543w, https:\/\/kribicamerouninfos.net\/wp-content\/uploads\/2025\/08\/FB_IMG_1754642767960.jpg 720w\" sizes=\"auto, (max-width: 159px) 100vw, 159px\" \/><\/a><figcaption id=\"caption-attachment-1694\" class=\"wp-caption-text\">Nouhou Bello aux commandes \u00e0 Yokadouma<\/figcaption><\/figure>\n<p><a href=\"https:\/\/kribicamerouninfos.net\/index.php\/departement-de-la-boumba-et-ngoko-nouhou-bello-la-sentinelle-des-deux-frontieres\/img-20250806-wa0056\/\" rel=\"attachment wp-att-1695\"><img loading=\"lazy\" decoding=\"async\" class=\"aligncenter size-medium wp-image-1695\" src=\"http:\/\/kribicamerouninfos.net\/wp-content\/uploads\/2025\/08\/IMG-20250806-WA0056-300x225.jpg\" alt=\"\" width=\"300\" height=\"225\" srcset=\"https:\/\/kribicamerouninfos.net\/wp-content\/uploads\/2025\/08\/IMG-20250806-WA0056-300x225.jpg 300w, https:\/\/kribicamerouninfos.net\/wp-content\/uploads\/2025\/08\/IMG-20250806-WA0056-1024x767.jpg 1024w, https:\/\/kribicamerouninfos.net\/wp-content\/uploads\/2025\/08\/IMG-20250806-WA0056-768x575.jpg 768w, https:\/\/kribicamerouninfos.net\/wp-content\/uploads\/2025\/08\/IMG-20250806-WA0056-720x540.jpg 720w, https:\/\/kribicamerouninfos.net\/wp-content\/uploads\/2025\/08\/IMG-20250806-WA0056.jpg 1080w\" sizes=\"auto, (max-width: 300px) 100vw, 300px\" \/><\/a> <a href=\"https:\/\/kribicamerouninfos.net\/index.php\/departement-de-la-boumba-et-ngoko-nouhou-bello-la-sentinelle-des-deux-frontieres\/img-20250806-wa0055\/\" rel=\"attachment wp-att-1696\"><img loading=\"lazy\" decoding=\"async\" class=\"aligncenter size-medium wp-image-1696\" src=\"http:\/\/kribicamerouninfos.net\/wp-content\/uploads\/2025\/08\/IMG-20250806-WA0055-300x225.jpg\" alt=\"\" width=\"300\" height=\"225\" srcset=\"https:\/\/kribicamerouninfos.net\/wp-content\/uploads\/2025\/08\/IMG-20250806-WA0055-300x225.jpg 300w, https:\/\/kribicamerouninfos.net\/wp-content\/uploads\/2025\/08\/IMG-20250806-WA0055-1024x767.jpg 1024w, https:\/\/kribicamerouninfos.net\/wp-content\/uploads\/2025\/08\/IMG-20250806-WA0055-768x575.jpg 768w, https:\/\/kribicamerouninfos.net\/wp-content\/uploads\/2025\/08\/IMG-20250806-WA0055-720x540.jpg 720w, https:\/\/kribicamerouninfos.net\/wp-content\/uploads\/2025\/08\/IMG-20250806-WA0055.jpg 1080w\" sizes=\"auto, (max-width: 300px) 100vw, 300px\" \/><\/a> <a href=\"https:\/\/kribicamerouninfos.net\/index.php\/departement-de-la-boumba-et-ngoko-nouhou-bello-la-sentinelle-des-deux-frontieres\/img-20250807-wa0016\/\" rel=\"attachment wp-att-1697\"><img loading=\"lazy\" decoding=\"async\" class=\"aligncenter size-medium wp-image-1697\" src=\"http:\/\/kribicamerouninfos.net\/wp-content\/uploads\/2025\/08\/IMG-20250807-WA0016-300x169.jpg\" alt=\"\" width=\"300\" height=\"169\" srcset=\"https:\/\/kribicamerouninfos.net\/wp-content\/uploads\/2025\/08\/IMG-20250807-WA0016-300x169.jpg 300w, https:\/\/kribicamerouninfos.net\/wp-content\/uploads\/2025\/08\/IMG-20250807-WA0016-768x432.jpg 768w, https:\/\/kribicamerouninfos.net\/wp-content\/uploads\/2025\/08\/IMG-20250807-WA0016-800x450.jpg 800w, https:\/\/kribicamerouninfos.net\/wp-content\/uploads\/2025\/08\/IMG-20250807-WA0016.jpg 960w\" sizes=\"auto, (max-width: 300px) 100vw, 300px\" \/><\/a><\/p>\n<p>&nbsp;<\/p>\n<p>Devant eux, le patron de la r\u00e9gion du Soleil levant a d\u00e9voil\u00e9 le cahier des charges du nouveau pr\u00e9fet. Nouhou Bello a pour mission principale la continuit\u00e9 du chantier entrepris par son pr\u00e9d\u00e9cesseur. Notamment la promotion de l\u2019\u00e9ducation au regard du faible taux d\u2019alphab\u00e9tisation, la gestion efficiente des conflits fonciers et intercommunautaires ainsi que la lutte contre l\u2019exploitation mini\u00e8re et foresti\u00e8re ill\u00e9gales. Gr\u00e9goire Mvogo insiste en instruisant Nouhou Bello qui est p\u00e9tri d&rsquo;exp\u00e9rience en mati\u00e8re cadastrale et fonci\u00e8re, de ramener l&rsquo;orthodoxie dans ce secteur tout en luttant contre le grand banditisme, gage de paix et de coh\u00e9sion sociale.<\/p>\n<p>Une autre mission, et non des moindres, c\u2019est la lutte contre l\u2019ins\u00e9curit\u00e9 transfrontali\u00e8re. La Boumba-et-Ngoko compte quatre arrondissements. Notamment Gari-Gombo, Salapoumbe, Yokadouma et Moloundou. C\u2019est une circonscription administrative qui regorge de beaucoup de richesse et d\u2019opportunit\u00e9s, au regard de sa limite transfrontali\u00e8re avec deux pays : la R\u00e9publique Centrafricaine et la R\u00e9publique du Congo. A travers ces deux fronti\u00e8res prosp\u00e8rent le commerce clandestin et des trafics divers enclins d\u2019enjeux s\u00e9curitaires non n\u00e9gligeables. Par ici subsiste souvent le trafic des stup\u00e9fiants, des armes \u00e0 feu et des ressources mini\u00e8res notamment de l\u2019or, du diamant et du mercure. D\u2019o\u00f9 Nouhou Bello re\u00e7oit la recommandation de se faire \u201cla sentinelle\u201d de cette contr\u00e9e.<\/p>\n<figure id=\"attachment_1698\" aria-describedby=\"caption-attachment-1698\" style=\"width: 159px\" class=\"wp-caption aligncenter\"><a href=\"https:\/\/kribicamerouninfos.net\/index.php\/departement-de-la-boumba-et-ngoko-nouhou-bello-la-sentinelle-des-deux-frontieres\/fb_img_1754642767960-2\/\" rel=\"attachment wp-att-1698\"><img loading=\"lazy\" decoding=\"async\" class=\"size-medium wp-image-1698\" src=\"http:\/\/kribicamerouninfos.net\/wp-content\/uploads\/2025\/08\/FB_IMG_1754642767960-1-159x300.jpg\" alt=\"Nouhou Bello a pour mission la lutte contre l'ins\u00e9curit\u00e9 transfrontali\u00e8re et la promotion de l'\u00e9ducation \" width=\"159\" height=\"300\" srcset=\"https:\/\/kribicamerouninfos.net\/wp-content\/uploads\/2025\/08\/FB_IMG_1754642767960-1-159x300.jpg 159w, https:\/\/kribicamerouninfos.net\/wp-content\/uploads\/2025\/08\/FB_IMG_1754642767960-1-543x1024.jpg 543w, https:\/\/kribicamerouninfos.net\/wp-content\/uploads\/2025\/08\/FB_IMG_1754642767960-1.jpg 720w\" sizes=\"auto, (max-width: 159px) 100vw, 159px\" \/><\/a><figcaption id=\"caption-attachment-1698\" class=\"wp-caption-text\">Populations de Yokadouma<\/figcaption><\/figure>\n<p><a href=\"https:\/\/kribicamerouninfos.net\/index.php\/departement-de-la-boumba-et-ngoko-nouhou-bello-la-sentinelle-des-deux-frontieres\/img-20250807-wa0024\/\" rel=\"attachment wp-att-1699\"><img loading=\"lazy\" decoding=\"async\" class=\"aligncenter size-medium wp-image-1699\" src=\"http:\/\/kribicamerouninfos.net\/wp-content\/uploads\/2025\/08\/IMG-20250807-WA0024-300x169.jpg\" alt=\"\" width=\"300\" height=\"169\" srcset=\"https:\/\/kribicamerouninfos.net\/wp-content\/uploads\/2025\/08\/IMG-20250807-WA0024-300x169.jpg 300w, https:\/\/kribicamerouninfos.net\/wp-content\/uploads\/2025\/08\/IMG-20250807-WA0024-768x432.jpg 768w, https:\/\/kribicamerouninfos.net\/wp-content\/uploads\/2025\/08\/IMG-20250807-WA0024-800x450.jpg 800w, https:\/\/kribicamerouninfos.net\/wp-content\/uploads\/2025\/08\/IMG-20250807-WA0024.jpg 960w\" sizes=\"auto, (max-width: 300px) 100vw, 300px\" \/><\/a> <a href=\"https:\/\/kribicamerouninfos.net\/index.php\/departement-de-la-boumba-et-ngoko-nouhou-bello-la-sentinelle-des-deux-frontieres\/img-20250807-wa0023\/\" rel=\"attachment wp-att-1700\"><img loading=\"lazy\" decoding=\"async\" class=\"aligncenter size-medium wp-image-1700\" src=\"http:\/\/kribicamerouninfos.net\/wp-content\/uploads\/2025\/08\/IMG-20250807-WA0023-300x169.jpg\" alt=\"\" width=\"300\" height=\"169\" srcset=\"https:\/\/kribicamerouninfos.net\/wp-content\/uploads\/2025\/08\/IMG-20250807-WA0023-300x169.jpg 300w, https:\/\/kribicamerouninfos.net\/wp-content\/uploads\/2025\/08\/IMG-20250807-WA0023-768x432.jpg 768w, https:\/\/kribicamerouninfos.net\/wp-content\/uploads\/2025\/08\/IMG-20250807-WA0023-800x450.jpg 800w, https:\/\/kribicamerouninfos.net\/wp-content\/uploads\/2025\/08\/IMG-20250807-WA0023.jpg 960w\" sizes=\"auto, (max-width: 300px) 100vw, 300px\" \/><\/a> <a href=\"https:\/\/kribicamerouninfos.net\/index.php\/departement-de-la-boumba-et-ngoko-nouhou-bello-la-sentinelle-des-deux-frontieres\/img-20250807-wa0020\/\" rel=\"attachment wp-att-1701\"><img loading=\"lazy\" decoding=\"async\" class=\"aligncenter size-medium wp-image-1701\" src=\"http:\/\/kribicamerouninfos.net\/wp-content\/uploads\/2025\/08\/IMG-20250807-WA0020-300x169.jpg\" alt=\"\" width=\"300\" height=\"169\" srcset=\"https:\/\/kribicamerouninfos.net\/wp-content\/uploads\/2025\/08\/IMG-20250807-WA0020-300x169.jpg 300w, https:\/\/kribicamerouninfos.net\/wp-content\/uploads\/2025\/08\/IMG-20250807-WA0020-768x432.jpg 768w, https:\/\/kribicamerouninfos.net\/wp-content\/uploads\/2025\/08\/IMG-20250807-WA0020-800x450.jpg 800w, https:\/\/kribicamerouninfos.net\/wp-content\/uploads\/2025\/08\/IMG-20250807-WA0020.jpg 960w\" sizes=\"auto, (max-width: 300px) 100vw, 300px\" \/><\/a> <a href=\"https:\/\/kribicamerouninfos.net\/index.php\/departement-de-la-boumba-et-ngoko-nouhou-bello-la-sentinelle-des-deux-frontieres\/img-20250807-wa0021\/\" rel=\"attachment wp-att-1702\"><img loading=\"lazy\" decoding=\"async\" class=\"aligncenter size-medium wp-image-1702\" src=\"http:\/\/kribicamerouninfos.net\/wp-content\/uploads\/2025\/08\/IMG-20250807-WA0021-300x169.jpg\" alt=\"\" width=\"300\" height=\"169\" srcset=\"https:\/\/kribicamerouninfos.net\/wp-content\/uploads\/2025\/08\/IMG-20250807-WA0021-300x169.jpg 300w, https:\/\/kribicamerouninfos.net\/wp-content\/uploads\/2025\/08\/IMG-20250807-WA0021-768x432.jpg 768w, https:\/\/kribicamerouninfos.net\/wp-content\/uploads\/2025\/08\/IMG-20250807-WA0021-800x450.jpg 800w, https:\/\/kribicamerouninfos.net\/wp-content\/uploads\/2025\/08\/IMG-20250807-WA0021.jpg 960w\" sizes=\"auto, (max-width: 300px) 100vw, 300px\" \/><\/a> <a href=\"https:\/\/kribicamerouninfos.net\/index.php\/departement-de-la-boumba-et-ngoko-nouhou-bello-la-sentinelle-des-deux-frontieres\/img-20250807-wa0017\/\" rel=\"attachment wp-att-1703\"><img loading=\"lazy\" decoding=\"async\" class=\"aligncenter size-medium wp-image-1703\" src=\"http:\/\/kribicamerouninfos.net\/wp-content\/uploads\/2025\/08\/IMG-20250807-WA0017-169x300.jpg\" alt=\"\" width=\"169\" height=\"300\" srcset=\"https:\/\/kribicamerouninfos.net\/wp-content\/uploads\/2025\/08\/IMG-20250807-WA0017-169x300.jpg 169w, https:\/\/kribicamerouninfos.net\/wp-content\/uploads\/2025\/08\/IMG-20250807-WA0017.jpg 540w\" sizes=\"auto, (max-width: 169px) 100vw, 169px\" \/><\/a> <a href=\"https:\/\/kribicamerouninfos.net\/index.php\/departement-de-la-boumba-et-ngoko-nouhou-bello-la-sentinelle-des-deux-frontieres\/img-20250807-wa0014\/\" rel=\"attachment wp-att-1704\"><img loading=\"lazy\" decoding=\"async\" class=\"aligncenter size-medium wp-image-1704\" src=\"http:\/\/kribicamerouninfos.net\/wp-content\/uploads\/2025\/08\/IMG-20250807-WA0014-300x169.jpg\" alt=\"\" width=\"300\" height=\"169\" srcset=\"https:\/\/kribicamerouninfos.net\/wp-content\/uploads\/2025\/08\/IMG-20250807-WA0014-300x169.jpg 300w, https:\/\/kribicamerouninfos.net\/wp-content\/uploads\/2025\/08\/IMG-20250807-WA0014-768x432.jpg 768w, https:\/\/kribicamerouninfos.net\/wp-content\/uploads\/2025\/08\/IMG-20250807-WA0014-800x450.jpg 800w, https:\/\/kribicamerouninfos.net\/wp-content\/uploads\/2025\/08\/IMG-20250807-WA0014.jpg 960w\" sizes=\"auto, (max-width: 300px) 100vw, 300px\" \/><\/a> <a href=\"https:\/\/kribicamerouninfos.net\/index.php\/departement-de-la-boumba-et-ngoko-nouhou-bello-la-sentinelle-des-deux-frontieres\/img-20250807-wa0013\/\" rel=\"attachment wp-att-1705\"><img loading=\"lazy\" decoding=\"async\" class=\"aligncenter size-medium wp-image-1705\" src=\"http:\/\/kribicamerouninfos.net\/wp-content\/uploads\/2025\/08\/IMG-20250807-WA0013-300x169.jpg\" alt=\"\" width=\"300\" height=\"169\" srcset=\"https:\/\/kribicamerouninfos.net\/wp-content\/uploads\/2025\/08\/IMG-20250807-WA0013-300x169.jpg 300w, https:\/\/kribicamerouninfos.net\/wp-content\/uploads\/2025\/08\/IMG-20250807-WA0013-768x432.jpg 768w, https:\/\/kribicamerouninfos.net\/wp-content\/uploads\/2025\/08\/IMG-20250807-WA0013-800x450.jpg 800w, https:\/\/kribicamerouninfos.net\/wp-content\/uploads\/2025\/08\/IMG-20250807-WA0013.jpg 960w\" sizes=\"auto, (max-width: 300px) 100vw, 300px\" \/><\/a> <a href=\"https:\/\/kribicamerouninfos.net\/index.php\/departement-de-la-boumba-et-ngoko-nouhou-bello-la-sentinelle-des-deux-frontieres\/img-20250807-wa0012\/\" rel=\"attachment wp-att-1706\"><img loading=\"lazy\" decoding=\"async\" class=\"aligncenter size-medium wp-image-1706\" src=\"http:\/\/kribicamerouninfos.net\/wp-content\/uploads\/2025\/08\/IMG-20250807-WA0012-300x169.jpg\" alt=\"\" width=\"300\" height=\"169\" srcset=\"https:\/\/kribicamerouninfos.net\/wp-content\/uploads\/2025\/08\/IMG-20250807-WA0012-300x169.jpg 300w, https:\/\/kribicamerouninfos.net\/wp-content\/uploads\/2025\/08\/IMG-20250807-WA0012-768x432.jpg 768w, https:\/\/kribicamerouninfos.net\/wp-content\/uploads\/2025\/08\/IMG-20250807-WA0012-800x450.jpg 800w, https:\/\/kribicamerouninfos.net\/wp-content\/uploads\/2025\/08\/IMG-20250807-WA0012.jpg 960w\" sizes=\"auto, (max-width: 300px) 100vw, 300px\" \/><\/a><\/p>\n<p>Ernest Timoth\u00e9e Abono, maire de Yokadouma, s\u2019est f\u00e9licit\u00e9 pour sa part d\u2019avoir comme nouvelle tutelle un homme loyal , int\u00e8gre, rigoureux qui, a-t-il appris, ne trempe pas dans des basses man\u0153uvres et n\u2019h\u00e9site pas \u00e0 d\u00e9noncer des vell\u00e9it\u00e9s. Se faisant la voix et le porte \u00e9tendard de l&rsquo;\u00e9lite locale, le magistrat municipal a souhait\u00e9 que le repr\u00e9sentant du Chef de l&rsquo;\u00c9tat \u00e0 Yokadouma soit un p\u00e8re de famille et un administrateur qui manie la carotte et le b\u00e2ton. Il ne sera assur\u00e9ment pas d\u00e9\u00e7u car le digne fils du d\u00e9partement du Mayo-Kani dans l&rsquo;extr\u00eame-nord est intransigeant sur certains aspects qui d\u00e9shonorent Allah et se range du c\u00f4t\u00e9 de la v\u00e9rit\u00e9, la transparence et l\u2019objectivit\u00e9, f\u00fbt-ce au p\u00e9ril de sa fonction, voire de sa vie. D\u2019ailleurs, sa mutation du \u201cparadis\u201d de Kribi pour \u201c l\u2019enfer \u201c de Yokadouma, \u00e0 la faveur du d\u00e9cret pr\u00e9sidentiel n\u00b02025\/ 355\/ du 22 juillet 2025, est la r\u00e9sultante malheureuse de sa passion pour la droiture: le serviteur d\u2019Allah paie le lourd tribut de son int\u00e9grit\u00e9 morale.<\/p>\n<p><em><strong>Lire aussi D\u00c9PARTEMENT DE L&rsquo;OC\u00c9AN : NOUHOU BELLO QUITTE LE NAVIRE en cliquant sur le lien <a href=\"https:\/\/kribicamerouninfos.net\/index.php\/departement-de-la-boumba-et-ngoko-nouhou-bello-la-sentinelle-des-deux-frontieres\/\">https:\/\/kribicamerouninfos.net\/index.php\/departement-de-locean-nouhou-bello-quitte-le-navire\/<\/a><\/strong><\/em><\/p>\n<p>&nbsp;<\/p>\n<p>N\u00e9 le 15 f\u00e9vrier 1972 \u00e0 Guidiguis d\u00e9partement du Moyo &#8212; kani r\u00e9gion de l&rsquo;extr\u00eame &#8211; Nord, Nouhou Bello int\u00e8gre la fonction publique en 1998 apr\u00e8s un parcours scolaire et acad\u00e9mique sans reproche, sanctionn\u00e9 par des dipl\u00f4mes universitaires. Le produit de l\u2019Ecole Nationale d&rsquo;Administration et de Magistrature ( Enam) occupera tour \u00e0 tour les fonctions de chef service au Minist\u00e8re de l&rsquo;urbanisme et de l&rsquo;habitat, chef service des domaines et affaires fonci\u00e8res du Diamar\u00e9, puis d\u00e9l\u00e9gu\u00e9 d\u00e9partemental des domaines et affaires fonci\u00e8res du Wouri dans le littoral.<\/p>\n<figure id=\"attachment_1690\" aria-describedby=\"caption-attachment-1690\" style=\"width: 300px\" class=\"wp-caption aligncenter\"><a href=\"https:\/\/kribicamerouninfos.net\/index.php\/departement-de-locean-nouhou-bello-quitte-le-navire\/img_20250417_164410\/\" rel=\"attachment wp-att-1690\"><img loading=\"lazy\" decoding=\"async\" class=\"size-medium wp-image-1690\" src=\"http:\/\/kribicamerouninfos.net\/wp-content\/uploads\/2025\/08\/IMG_20250417_164410-300x226.jpg\" alt=\"Nouhou Bello la sentinelle des deux fronti\u00e8res \" width=\"300\" height=\"226\" srcset=\"https:\/\/kribicamerouninfos.net\/wp-content\/uploads\/2025\/08\/IMG_20250417_164410-300x226.jpg 300w, https:\/\/kribicamerouninfos.net\/wp-content\/uploads\/2025\/08\/IMG_20250417_164410-1024x771.jpg 1024w, https:\/\/kribicamerouninfos.net\/wp-content\/uploads\/2025\/08\/IMG_20250417_164410-768x578.jpg 768w, https:\/\/kribicamerouninfos.net\/wp-content\/uploads\/2025\/08\/IMG_20250417_164410-1536x1157.jpg 1536w, https:\/\/kribicamerouninfos.net\/wp-content\/uploads\/2025\/08\/IMG_20250417_164410-2048x1542.jpg 2048w, https:\/\/kribicamerouninfos.net\/wp-content\/uploads\/2025\/08\/IMG_20250417_164410-720x540.jpg 720w\" sizes=\"auto, (max-width: 300px) 100vw, 300px\" \/><\/a><figcaption id=\"caption-attachment-1690\" class=\"wp-caption-text\">Nouhou Bello un administrateur p\u00e9tri d&rsquo;exp\u00e9rience<\/figcaption><\/figure>\n<p>Au sein de la pr\u00e9fectorale, il a tout d\u2019abord \u00e9t\u00e9 sous &#8211; pr\u00e9fet de Lagdo, puis sous &#8211; pr\u00e9fet de Njomb\u00e9- Penja, enfin sous &#8211; pr\u00e9fet de Douala 3e. Le d\u00e9partement de la Boumba-et-Ngoko, est son troisi\u00e8me poste d&rsquo;affectation en qualit\u00e9 de pr\u00e9fet apr\u00e8s le Mber\u00e9 et l\u2019Oc\u00e9an.<\/p>\n","protected":false},"excerpt":{"rendered":"<p>En dehors de la protection transfrontali\u00e8re, l\u2019ex pr\u00e9fet de l&rsquo;Oc\u00e9an d\u00e9sormais aux commandes de cette<\/p>\n","protected":false},"author":4,"featured_media":1707,"comment_status":"open","ping_status":"open","sticky":false,"template":"","format":"standard","meta":{"footnotes":""},"categories":[222],"tags":[298,297,296,299],"class_list":["post-1693","post","type-post","status-publish","format-standard","has-post-thumbnail","hentry","category-politique","tag-boumba-et-ngoko","tag-nouhou-bello","tag-prefet-nouhou-bello","tag-yokadouma"],"yoast_head":"<!-- This site is optimized with the Yoast SEO plugin v27.4 - https:\/\/yoast.com\/product\/yoast-seo-wordpress\/ -->\n<title>D\u00e9partement de la Boumba-et-Ngoko: Nouhou Bello la sentinelle des deux fronti\u00e8res\u00a0 - Kribi Cameroun infos<\/title>\n<meta name=\"description\" content=\"Politique D\u00e9partement de la Boumba-et-Ngoko: Nouhou Bello la sentinelle des deux fronti\u00e8res\u00a0 - Kribi Cameroun infos\" \/>\n<meta name=\"robots\" content=\"index, follow, max-snippet:-1, max-image-preview:large, max-video-preview:-1\" \/>\n<link rel=\"canonical\" href=\"https:\/\/kribicamerouninfos.net\/index.php\/departement-de-la-boumba-et-ngoko-nouhou-bello-la-sentinelle-des-deux-frontieres\/\" \/>\n<meta property=\"og:locale\" content=\"fr_FR\" \/>\n<meta property=\"og:type\" content=\"article\" \/>\n<meta property=\"og:title\" content=\"Kribi Cameroun infos D\u00e9partement de la Boumba-et-Ngoko: Nouhou Bello la sentinelle des deux fronti\u00e8res\u00a0 Politique\" \/>\n<meta property=\"og:description\" content=\"D\u00e9partement de la Boumba-et-Ngoko: Nouhou Bello la sentinelle des deux fronti\u00e8res\u00a0 Politique Kribi Cameroun infos\" \/>\n<meta property=\"og:url\" content=\"https:\/\/kribicamerouninfos.net\/index.php\/departement-de-la-boumba-et-ngoko-nouhou-bello-la-sentinelle-des-deux-frontieres\/\" \/>\n<meta property=\"og:site_name\" content=\"Kribi Cameroun infos\" \/>\n<meta property=\"article:published_time\" content=\"2025-08-10T22:01:57+00:00\" \/>\n<meta property=\"article:modified_time\" content=\"2025-08-10T22:48:28+00:00\" \/>\n<meta property=\"og:image\" content=\"http:\/\/kribicamerouninfos.net\/wp-content\/uploads\/2025\/08\/IMG-20250807-WA0013.jpg\" \/>\n\t<meta property=\"og:image:width\" content=\"960\" \/>\n\t<meta property=\"og:image:height\" content=\"540\" \/>\n\t<meta property=\"og:image:type\" content=\"image\/jpeg\" \/>\n<meta name=\"author\" content=\"Lazare Kingue\" \/>\n<meta name=\"twitter:card\" content=\"summary_large_image\" \/>\n<meta name=\"twitter:title\" content=\"D\u00e9partement de la Boumba-et-Ngoko: Nouhou Bello la sentinelle des deux fronti\u00e8res\u00a0 Kribi Cameroun infos Politique\" \/>\n<meta name=\"twitter:description\" content=\"- Politique D\u00e9partement de la Boumba-et-Ngoko: Nouhou Bello la sentinelle des deux fronti\u00e8res\u00a0 Kribi Cameroun infos\" \/>\n<meta name=\"twitter:image\" content=\"https:\/\/kribicamerouninfos.net\/wp-content\/uploads\/2025\/08\/IMG-20250807-WA0016.jpg\" \/>\n<meta name=\"twitter:label1\" content=\"\u00c9crit par\" \/>\n\t<meta name=\"twitter:data1\" content=\"Lazare Kingue\" \/>\n\t<meta name=\"twitter:label2\" content=\"Dur\u00e9e de lecture estim\u00e9e\" \/>\n\t<meta name=\"twitter:data2\" content=\"7 minutes\" \/>\n<script type=\"application\/ld+json\" class=\"yoast-schema-graph\">{\"@context\":\"https:\\\/\\\/schema.org\",\"@graph\":[{\"@type\":\"Article\",\"@id\":\"https:\\\/\\\/kribicamerouninfos.net\\\/index.php\\\/departement-de-la-boumba-et-ngoko-nouhou-bello-la-sentinelle-des-deux-frontieres\\\/#article\",\"isPartOf\":{\"@id\":\"https:\\\/\\\/kribicamerouninfos.net\\\/index.php\\\/departement-de-la-boumba-et-ngoko-nouhou-bello-la-sentinelle-des-deux-frontieres\\\/\"},\"author\":{\"name\":\"Lazare Kingue\",\"@id\":\"https:\\\/\\\/kribicamerouninfos.net\\\/#\\\/schema\\\/person\\\/749d45bc8fa331d720a390fa279d694f\"},\"headline\":\"D\u00e9partement de la Boumba-et-Ngoko: Nouhou Bello la sentinelle des deux fronti\u00e8res\u00a0\",\"datePublished\":\"2025-08-10T22:01:57+00:00\",\"dateModified\":\"2025-08-10T22:48:28+00:00\",\"mainEntityOfPage\":{\"@id\":\"https:\\\/\\\/kribicamerouninfos.net\\\/index.php\\\/departement-de-la-boumba-et-ngoko-nouhou-bello-la-sentinelle-des-deux-frontieres\\\/\"},\"wordCount\":862,\"commentCount\":0,\"publisher\":{\"@id\":\"https:\\\/\\\/kribicamerouninfos.net\\\/#organization\"},\"image\":{\"@id\":\"https:\\\/\\\/kribicamerouninfos.net\\\/index.php\\\/departement-de-la-boumba-et-ngoko-nouhou-bello-la-sentinelle-des-deux-frontieres\\\/#primaryimage\"},\"thumbnailUrl\":\"https:\\\/\\\/kribicamerouninfos.net\\\/wp-content\\\/uploads\\\/2025\\\/08\\\/IMG-20250807-WA0015.jpg\",\"keywords\":[\"#Boumba et Ngoko\",\"#Nouhou Bello\",\"#prefet Nouhou Bello\",\"#Yokadouma\"],\"articleSection\":[\"Politique\"],\"inLanguage\":\"fr-FR\",\"potentialAction\":[{\"@type\":\"CommentAction\",\"name\":\"Comment\",\"target\":[\"https:\\\/\\\/kribicamerouninfos.net\\\/index.php\\\/departement-de-la-boumba-et-ngoko-nouhou-bello-la-sentinelle-des-deux-frontieres\\\/#respond\"]}]},{\"@type\":\"WebPage\",\"@id\":\"https:\\\/\\\/kribicamerouninfos.net\\\/index.php\\\/departement-de-la-boumba-et-ngoko-nouhou-bello-la-sentinelle-des-deux-frontieres\\\/\",\"url\":\"https:\\\/\\\/kribicamerouninfos.net\\\/index.php\\\/departement-de-la-boumba-et-ngoko-nouhou-bello-la-sentinelle-des-deux-frontieres\\\/\",\"name\":\"D\u00e9partement de la Boumba-et-Ngoko: Nouhou Bello la sentinelle des deux fronti\u00e8res\u00a0 - Kribi Cameroun infos\",\"isPartOf\":{\"@id\":\"https:\\\/\\\/kribicamerouninfos.net\\\/#website\"},\"primaryImageOfPage\":{\"@id\":\"https:\\\/\\\/kribicamerouninfos.net\\\/index.php\\\/departement-de-la-boumba-et-ngoko-nouhou-bello-la-sentinelle-des-deux-frontieres\\\/#primaryimage\"},\"image\":{\"@id\":\"https:\\\/\\\/kribicamerouninfos.net\\\/index.php\\\/departement-de-la-boumba-et-ngoko-nouhou-bello-la-sentinelle-des-deux-frontieres\\\/#primaryimage\"},\"thumbnailUrl\":\"https:\\\/\\\/kribicamerouninfos.net\\\/wp-content\\\/uploads\\\/2025\\\/08\\\/IMG-20250807-WA0015.jpg\",\"datePublished\":\"2025-08-10T22:01:57+00:00\",\"dateModified\":\"2025-08-10T22:48:28+00:00\",\"description\":\"Politique D\u00e9partement de la Boumba-et-Ngoko: Nouhou Bello la sentinelle des deux fronti\u00e8res\u00a0 - Kribi Cameroun infos\",\"breadcrumb\":{\"@id\":\"https:\\\/\\\/kribicamerouninfos.net\\\/index.php\\\/departement-de-la-boumba-et-ngoko-nouhou-bello-la-sentinelle-des-deux-frontieres\\\/#breadcrumb\"},\"inLanguage\":\"fr-FR\",\"potentialAction\":[{\"@type\":\"ReadAction\",\"target\":[\"https:\\\/\\\/kribicamerouninfos.net\\\/index.php\\\/departement-de-la-boumba-et-ngoko-nouhou-bello-la-sentinelle-des-deux-frontieres\\\/\"]}]},{\"@type\":\"ImageObject\",\"inLanguage\":\"fr-FR\",\"@id\":\"https:\\\/\\\/kribicamerouninfos.net\\\/index.php\\\/departement-de-la-boumba-et-ngoko-nouhou-bello-la-sentinelle-des-deux-frontieres\\\/#primaryimage\",\"url\":\"https:\\\/\\\/kribicamerouninfos.net\\\/wp-content\\\/uploads\\\/2025\\\/08\\\/IMG-20250807-WA0015.jpg\",\"contentUrl\":\"https:\\\/\\\/kribicamerouninfos.net\\\/wp-content\\\/uploads\\\/2025\\\/08\\\/IMG-20250807-WA0015.jpg\",\"width\":960,\"height\":540},{\"@type\":\"BreadcrumbList\",\"@id\":\"https:\\\/\\\/kribicamerouninfos.net\\\/index.php\\\/departement-de-la-boumba-et-ngoko-nouhou-bello-la-sentinelle-des-deux-frontieres\\\/#breadcrumb\",\"itemListElement\":[{\"@type\":\"ListItem\",\"position\":1,\"name\":\"Accueil\",\"item\":\"https:\\\/\\\/kribicamerouninfos.net\\\/\"},{\"@type\":\"ListItem\",\"position\":2,\"name\":\"Yokadouma Nouhou Bello aux commandes\"}]},{\"@type\":\"WebSite\",\"@id\":\"https:\\\/\\\/kribicamerouninfos.net\\\/#website\",\"url\":\"https:\\\/\\\/kribicamerouninfos.net\\\/\",\"name\":\"Kribi Cameroun infos\",\"description\":\"Site d&#039;informations g\u00e9n\u00e9rales\",\"publisher\":{\"@id\":\"https:\\\/\\\/kribicamerouninfos.net\\\/#organization\"},\"potentialAction\":[{\"@type\":\"SearchAction\",\"target\":{\"@type\":\"EntryPoint\",\"urlTemplate\":\"https:\\\/\\\/kribicamerouninfos.net\\\/?s={search_term_string}\"},\"query-input\":{\"@type\":\"PropertyValueSpecification\",\"valueRequired\":true,\"valueName\":\"search_term_string\"}}],\"inLanguage\":\"fr-FR\"},{\"@type\":\"Organization\",\"@id\":\"https:\\\/\\\/kribicamerouninfos.net\\\/#organization\",\"name\":\"Kribi Cameroun infos\",\"url\":\"https:\\\/\\\/kribicamerouninfos.net\\\/\",\"logo\":{\"@type\":\"ImageObject\",\"inLanguage\":\"fr-FR\",\"@id\":\"https:\\\/\\\/kribicamerouninfos.net\\\/#\\\/schema\\\/logo\\\/image\\\/\",\"url\":\"https:\\\/\\\/kribicamerouninfos.net\\\/wp-content\\\/uploads\\\/2025\\\/12\\\/cropped-logo_site.png\",\"contentUrl\":\"https:\\\/\\\/kribicamerouninfos.net\\\/wp-content\\\/uploads\\\/2025\\\/12\\\/cropped-logo_site.png\",\"width\":343,\"height\":90,\"caption\":\"Kribi Cameroun infos\"},\"image\":{\"@id\":\"https:\\\/\\\/kribicamerouninfos.net\\\/#\\\/schema\\\/logo\\\/image\\\/\"}},{\"@type\":\"Person\",\"@id\":\"https:\\\/\\\/kribicamerouninfos.net\\\/#\\\/schema\\\/person\\\/749d45bc8fa331d720a390fa279d694f\",\"name\":\"Lazare Kingue\",\"image\":{\"@type\":\"ImageObject\",\"inLanguage\":\"fr-FR\",\"@id\":\"https:\\\/\\\/secure.gravatar.com\\\/avatar\\\/47687ae759ae423f7bacca3da28d15345e783cb56d2b4b478d52c168e39ef394?s=96&d=mm&r=g\",\"url\":\"https:\\\/\\\/secure.gravatar.com\\\/avatar\\\/47687ae759ae423f7bacca3da28d15345e783cb56d2b4b478d52c168e39ef394?s=96&d=mm&r=g\",\"contentUrl\":\"https:\\\/\\\/secure.gravatar.com\\\/avatar\\\/47687ae759ae423f7bacca3da28d15345e783cb56d2b4b478d52c168e39ef394?s=96&d=mm&r=g\",\"caption\":\"Lazare Kingue\"},\"description\":\"Lazare Kingue est un jeune journaliste qui cumule 14 ans de pratique du m\u00e9tier. Ayant commenc\u00e9 par la radio puis la t\u00e9l\u00e9vision, il a termin\u00e9 par la presse \u00e9crite et s'y est sp\u00e9cialis\u00e9. En 2022 il a obtenu le premier prix national Landcam sur l'enqu\u00eate journalistique en mati\u00e8re fonci\u00e8re. Repr\u00e9sentant du quotidien mutations \u00e0 Kribi depuis 2012, il est aujourd'hui dans la ville de Kribi l'une des figures de proue du journalisme. A son actif il est promoteur d'un groupe de presse qui compte le Journal Minorit\u00e9s, la cha\u00eene web Kribi Cameroun web TV et le site professionnel d'actualit\u00e9s Kribi Cameroun infos.\",\"sameAs\":[\"http:\\\/\\\/www.kribicamerouninfos.net\"],\"url\":\"https:\\\/\\\/kribicamerouninfos.net\\\/index.php\\\/author\\\/kingue\\\/\"}]}<\/script>\n<!-- \/ Yoast SEO plugin. -->","yoast_head_json":{"title":"D\u00e9partement de la Boumba-et-Ngoko: Nouhou Bello la sentinelle des deux fronti\u00e8res\u00a0 - Kribi Cameroun infos","description":"Politique D\u00e9partement de la Boumba-et-Ngoko: Nouhou Bello la sentinelle des deux fronti\u00e8res\u00a0 - Kribi Cameroun infos","robots":{"index":"index","follow":"follow","max-snippet":"max-snippet:-1","max-image-preview":"max-image-preview:large","max-video-preview":"max-video-preview:-1"},"canonical":"https:\/\/kribicamerouninfos.net\/index.php\/departement-de-la-boumba-et-ngoko-nouhou-bello-la-sentinelle-des-deux-frontieres\/","og_locale":"fr_FR","og_type":"article","og_title":"Kribi Cameroun infos D\u00e9partement de la Boumba-et-Ngoko: Nouhou Bello la sentinelle des deux fronti\u00e8res\u00a0 Politique","og_description":"D\u00e9partement de la Boumba-et-Ngoko: Nouhou Bello la sentinelle des deux fronti\u00e8res\u00a0 Politique Kribi Cameroun infos","og_url":"https:\/\/kribicamerouninfos.net\/index.php\/departement-de-la-boumba-et-ngoko-nouhou-bello-la-sentinelle-des-deux-frontieres\/","og_site_name":"Kribi Cameroun infos","article_published_time":"2025-08-10T22:01:57+00:00","article_modified_time":"2025-08-10T22:48:28+00:00","og_image":[{"width":960,"height":540,"url":"http:\/\/kribicamerouninfos.net\/wp-content\/uploads\/2025\/08\/IMG-20250807-WA0013.jpg","type":"image\/jpeg"}],"author":"Lazare Kingue","twitter_card":"summary_large_image","twitter_title":"D\u00e9partement de la Boumba-et-Ngoko: Nouhou Bello la sentinelle des deux fronti\u00e8res\u00a0 Kribi Cameroun infos Politique","twitter_description":"- Politique D\u00e9partement de la Boumba-et-Ngoko: Nouhou Bello la sentinelle des deux fronti\u00e8res\u00a0 Kribi Cameroun infos","twitter_image":"https:\/\/kribicamerouninfos.net\/wp-content\/uploads\/2025\/08\/IMG-20250807-WA0016.jpg","twitter_misc":{"\u00c9crit par":"Lazare Kingue","Dur\u00e9e de lecture estim\u00e9e":"7 minutes"},"schema":{"@context":"https:\/\/schema.org","@graph":[{"@type":"Article","@id":"https:\/\/kribicamerouninfos.net\/index.php\/departement-de-la-boumba-et-ngoko-nouhou-bello-la-sentinelle-des-deux-frontieres\/#article","isPartOf":{"@id":"https:\/\/kribicamerouninfos.net\/index.php\/departement-de-la-boumba-et-ngoko-nouhou-bello-la-sentinelle-des-deux-frontieres\/"},"author":{"name":"Lazare Kingue","@id":"https:\/\/kribicamerouninfos.net\/#\/schema\/person\/749d45bc8fa331d720a390fa279d694f"},"headline":"D\u00e9partement de la Boumba-et-Ngoko: Nouhou Bello la sentinelle des deux fronti\u00e8res\u00a0","datePublished":"2025-08-10T22:01:57+00:00","dateModified":"2025-08-10T22:48:28+00:00","mainEntityOfPage":{"@id":"https:\/\/kribicamerouninfos.net\/index.php\/departement-de-la-boumba-et-ngoko-nouhou-bello-la-sentinelle-des-deux-frontieres\/"},"wordCount":862,"commentCount":0,"publisher":{"@id":"https:\/\/kribicamerouninfos.net\/#organization"},"image":{"@id":"https:\/\/kribicamerouninfos.net\/index.php\/departement-de-la-boumba-et-ngoko-nouhou-bello-la-sentinelle-des-deux-frontieres\/#primaryimage"},"thumbnailUrl":"https:\/\/kribicamerouninfos.net\/wp-content\/uploads\/2025\/08\/IMG-20250807-WA0015.jpg","keywords":["#Boumba et Ngoko","#Nouhou Bello","#prefet Nouhou Bello","#Yokadouma"],"articleSection":["Politique"],"inLanguage":"fr-FR","potentialAction":[{"@type":"CommentAction","name":"Comment","target":["https:\/\/kribicamerouninfos.net\/index.php\/departement-de-la-boumba-et-ngoko-nouhou-bello-la-sentinelle-des-deux-frontieres\/#respond"]}]},{"@type":"WebPage","@id":"https:\/\/kribicamerouninfos.net\/index.php\/departement-de-la-boumba-et-ngoko-nouhou-bello-la-sentinelle-des-deux-frontieres\/","url":"https:\/\/kribicamerouninfos.net\/index.php\/departement-de-la-boumba-et-ngoko-nouhou-bello-la-sentinelle-des-deux-frontieres\/","name":"D\u00e9partement de la Boumba-et-Ngoko: Nouhou Bello la sentinelle des deux fronti\u00e8res\u00a0 - Kribi Cameroun infos","isPartOf":{"@id":"https:\/\/kribicamerouninfos.net\/#website"},"primaryImageOfPage":{"@id":"https:\/\/kribicamerouninfos.net\/index.php\/departement-de-la-boumba-et-ngoko-nouhou-bello-la-sentinelle-des-deux-frontieres\/#primaryimage"},"image":{"@id":"https:\/\/kribicamerouninfos.net\/index.php\/departement-de-la-boumba-et-ngoko-nouhou-bello-la-sentinelle-des-deux-frontieres\/#primaryimage"},"thumbnailUrl":"https:\/\/kribicamerouninfos.net\/wp-content\/uploads\/2025\/08\/IMG-20250807-WA0015.jpg","datePublished":"2025-08-10T22:01:57+00:00","dateModified":"2025-08-10T22:48:28+00:00","description":"Politique D\u00e9partement de la Boumba-et-Ngoko: Nouhou Bello la sentinelle des deux fronti\u00e8res\u00a0 - Kribi Cameroun infos","breadcrumb":{"@id":"https:\/\/kribicamerouninfos.net\/index.php\/departement-de-la-boumba-et-ngoko-nouhou-bello-la-sentinelle-des-deux-frontieres\/#breadcrumb"},"inLanguage":"fr-FR","potentialAction":[{"@type":"ReadAction","target":["https:\/\/kribicamerouninfos.net\/index.php\/departement-de-la-boumba-et-ngoko-nouhou-bello-la-sentinelle-des-deux-frontieres\/"]}]},{"@type":"ImageObject","inLanguage":"fr-FR","@id":"https:\/\/kribicamerouninfos.net\/index.php\/departement-de-la-boumba-et-ngoko-nouhou-bello-la-sentinelle-des-deux-frontieres\/#primaryimage","url":"https:\/\/kribicamerouninfos.net\/wp-content\/uploads\/2025\/08\/IMG-20250807-WA0015.jpg","contentUrl":"https:\/\/kribicamerouninfos.net\/wp-content\/uploads\/2025\/08\/IMG-20250807-WA0015.jpg","width":960,"height":540},{"@type":"BreadcrumbList","@id":"https:\/\/kribicamerouninfos.net\/index.php\/departement-de-la-boumba-et-ngoko-nouhou-bello-la-sentinelle-des-deux-frontieres\/#breadcrumb","itemListElement":[{"@type":"ListItem","position":1,"name":"Accueil","item":"https:\/\/kribicamerouninfos.net\/"},{"@type":"ListItem","position":2,"name":"Yokadouma Nouhou Bello aux commandes"}]},{"@type":"WebSite","@id":"https:\/\/kribicamerouninfos.net\/#website","url":"https:\/\/kribicamerouninfos.net\/","name":"Kribi Cameroun infos","description":"Site d&#039;informations g\u00e9n\u00e9rales","publisher":{"@id":"https:\/\/kribicamerouninfos.net\/#organization"},"potentialAction":[{"@type":"SearchAction","target":{"@type":"EntryPoint","urlTemplate":"https:\/\/kribicamerouninfos.net\/?s={search_term_string}"},"query-input":{"@type":"PropertyValueSpecification","valueRequired":true,"valueName":"search_term_string"}}],"inLanguage":"fr-FR"},{"@type":"Organization","@id":"https:\/\/kribicamerouninfos.net\/#organization","name":"Kribi Cameroun infos","url":"https:\/\/kribicamerouninfos.net\/","logo":{"@type":"ImageObject","inLanguage":"fr-FR","@id":"https:\/\/kribicamerouninfos.net\/#\/schema\/logo\/image\/","url":"https:\/\/kribicamerouninfos.net\/wp-content\/uploads\/2025\/12\/cropped-logo_site.png","contentUrl":"https:\/\/kribicamerouninfos.net\/wp-content\/uploads\/2025\/12\/cropped-logo_site.png","width":343,"height":90,"caption":"Kribi Cameroun infos"},"image":{"@id":"https:\/\/kribicamerouninfos.net\/#\/schema\/logo\/image\/"}},{"@type":"Person","@id":"https:\/\/kribicamerouninfos.net\/#\/schema\/person\/749d45bc8fa331d720a390fa279d694f","name":"Lazare Kingue","image":{"@type":"ImageObject","inLanguage":"fr-FR","@id":"https:\/\/secure.gravatar.com\/avatar\/47687ae759ae423f7bacca3da28d15345e783cb56d2b4b478d52c168e39ef394?s=96&d=mm&r=g","url":"https:\/\/secure.gravatar.com\/avatar\/47687ae759ae423f7bacca3da28d15345e783cb56d2b4b478d52c168e39ef394?s=96&d=mm&r=g","contentUrl":"https:\/\/secure.gravatar.com\/avatar\/47687ae759ae423f7bacca3da28d15345e783cb56d2b4b478d52c168e39ef394?s=96&d=mm&r=g","caption":"Lazare Kingue"},"description":"Lazare Kingue est un jeune journaliste qui cumule 14 ans de pratique du m\u00e9tier. Ayant commenc\u00e9 par la radio puis la t\u00e9l\u00e9vision, il a termin\u00e9 par la presse \u00e9crite et s'y est sp\u00e9cialis\u00e9. En 2022 il a obtenu le premier prix national Landcam sur l'enqu\u00eate journalistique en mati\u00e8re fonci\u00e8re. Repr\u00e9sentant du quotidien mutations \u00e0 Kribi depuis 2012, il est aujourd'hui dans la ville de Kribi l'une des figures de proue du journalisme. A son actif il est promoteur d'un groupe de presse qui compte le Journal Minorit\u00e9s, la cha\u00eene web Kribi Cameroun web TV et le site professionnel d'actualit\u00e9s Kribi Cameroun infos.","sameAs":["http:\/\/www.kribicamerouninfos.net"],"url":"https:\/\/kribicamerouninfos.net\/index.php\/author\/kingue\/"}]}},"_links":{"self":[{"href":"https:\/\/kribicamerouninfos.net\/index.php\/wp-json\/wp\/v2\/posts\/1693","targetHints":{"allow":["GET"]}}],"collection":[{"href":"https:\/\/kribicamerouninfos.net\/index.php\/wp-json\/wp\/v2\/posts"}],"about":[{"href":"https:\/\/kribicamerouninfos.net\/index.php\/wp-json\/wp\/v2\/types\/post"}],"author":[{"embeddable":true,"href":"https:\/\/kribicamerouninfos.net\/index.php\/wp-json\/wp\/v2\/users\/4"}],"replies":[{"embeddable":true,"href":"https:\/\/kribicamerouninfos.net\/index.php\/wp-json\/wp\/v2\/comments?post=1693"}],"version-history":[{"count":5,"href":"https:\/\/kribicamerouninfos.net\/index.php\/wp-json\/wp\/v2\/posts\/1693\/revisions"}],"predecessor-version":[{"id":1712,"href":"https:\/\/kribicamerouninfos.net\/index.php\/wp-json\/wp\/v2\/posts\/1693\/revisions\/1712"}],"wp:featuredmedia":[{"embeddable":true,"href":"https:\/\/kribicamerouninfos.net\/index.php\/wp-json\/wp\/v2\/media\/1707"}],"wp:attachment":[{"href":"https:\/\/kribicamerouninfos.net\/index.php\/wp-json\/wp\/v2\/media?parent=1693"}],"wp:term":[{"taxonomy":"category","embeddable":true,"href":"https:\/\/kribicamerouninfos.net\/index.php\/wp-json\/wp\/v2\/categories?post=1693"},{"taxonomy":"post_tag","embeddable":true,"href":"https:\/\/kribicamerouninfos.net\/index.php\/wp-json\/wp\/v2\/tags?post=1693"}],"curies":[{"name":"wp","href":"https:\/\/api.w.org\/{rel}","templated":true}]}}