{"id":958,"date":"2025-01-16T23:30:09","date_gmt":"2025-01-16T22:30:09","guid":{"rendered":"https:\/\/kribicamerouninfos.net\/?p=958"},"modified":"2025-01-16T23:31:49","modified_gmt":"2025-01-16T22:31:49","slug":"fonction-publique-camerounaise-le-ministere-de-competence-capacite-les-acteurs-cles-de-ladministration","status":"publish","type":"post","link":"https:\/\/kribicamerouninfos.net\/index.php\/fonction-publique-camerounaise-le-ministere-de-competence-capacite-les-acteurs-cles-de-ladministration\/","title":{"rendered":"Fonction publique camerounaise: le minist\u00e8re de comp\u00e9tence capacite les acteurs cl\u00e9s de l&rsquo;administration"},"content":{"rendered":"<blockquote><p><em><strong>Un s\u00e9minaire\u00a0 de sensibilisation et d&rsquo;impr\u00e9gnation \u00e0 l&rsquo;utilisation de la nouvelle application AIGLES \u00e0 l&rsquo;intention des secr\u00e9taires g\u00e9n\u00e9raux, des directeurs des affaires g\u00e9n\u00e9rales (DAG), et des directeurs des ressources humaines (DRH), s&rsquo;est ouvert ce jeudi 16 janvier 2025 \u00e0 kribi , dans le d\u00e9partement de l&rsquo;Oc\u00e9an, region du Sud, sous la pr\u00e9sidence du Ministre de la fonction publique et de la r\u00e9forme administrative Joseph Le.<\/strong><\/em><\/p><\/blockquote>\n<p>La plate-forme AIGLES( application informatique et gestion des effectifs et de la solde), op\u00e9rationnelle depuis le 1 er janvier 2025, \u00e0 \u00e9t\u00e9 lanc\u00e9e pour simplifier et centraliser la gestion des carri\u00e8res, des effectifs et des processus administratifs au sein des minist\u00e8res et administrations publiques. Ce syst\u00e8me vise \u00e0 am\u00e9liorer l&rsquo;efficacit\u00e9, la transparence et la gouvernance des ressources humaines, tout en s&rsquo;inscrivant pleinement dans la dynamique de modernisation des structures publiques au cameroun. Elle est un outil de gestion compl\u00e8te de la carri\u00e8re des agents publics et offre un \u00e9ventail de fonctionnalit\u00e9s.<\/p>\n<figure id=\"attachment_959\" aria-describedby=\"caption-attachment-959\" style=\"width: 300px\" class=\"wp-caption alignnone\"><img loading=\"lazy\" decoding=\"async\" class=\"size-medium wp-image-959\" src=\"http:\/\/kribicamerouninfos.net\/wp-content\/uploads\/2025\/01\/IMG-20250116-WA0009-300x142.jpg\" alt=\"Fonction publique camerounaise\" width=\"300\" height=\"142\" srcset=\"https:\/\/kribicamerouninfos.net\/wp-content\/uploads\/2025\/01\/IMG-20250116-WA0009-300x142.jpg 300w, https:\/\/kribicamerouninfos.net\/wp-content\/uploads\/2025\/01\/IMG-20250116-WA0009-1024x485.jpg 1024w, https:\/\/kribicamerouninfos.net\/wp-content\/uploads\/2025\/01\/IMG-20250116-WA0009-768x363.jpg 768w, https:\/\/kribicamerouninfos.net\/wp-content\/uploads\/2025\/01\/IMG-20250116-WA0009.jpg 1080w\" sizes=\"auto, (max-width: 300px) 100vw, 300px\" \/><figcaption id=\"caption-attachment-959\" class=\"wp-caption-text\">Des acteurs qui participent au s\u00e9minaire<\/figcaption><\/figure>\n<p>Sous le th\u00e8me :&lt;&lt; innovation et performance dans la gestion des ressources humaines de l&rsquo;Etat : pr\u00e9sentation de l&rsquo; AIGLES &gt;&gt; s&rsquo;est tenu un\u00a0 s\u00e9minaire avec pour objectif de renforcer l&rsquo;implication des acteurs\u00a0 cl\u00e9s de l&rsquo;administration dans le bon fonctionnement du syst\u00e8me<br \/>\nAIGLES. Ils doivent jouer un r\u00f4le actif dans son int\u00e9gration et son adoption dans leurs administrations respectives :<br \/>\n&lt;&lt;Nous venons de tourner une page tr\u00e8s importante, sigipex* et Antilock *, c\u00e8dent la place a AIGLES qui va donc combiner la gestion de la solde et de la carri\u00e8re et pour cela, il est bon que les chefs d&rsquo;orchestres de nos administrations eux m\u00eames s&rsquo;impr\u00e8gnent et qu&rsquo;ils s&rsquo;approprient cette nouvelle fa\u00e7on de faire &gt;&gt;. A declar\u00e9 le ministre de la fonction publique et de la r\u00e9forme administrative Joseph Le \u00e0 cet qui a ouvert les travaux de deux jours \u00e0 Kribi, cit\u00e9 baln\u00e9aire du Sud.<\/p>\n<figure id=\"attachment_960\" aria-describedby=\"caption-attachment-960\" style=\"width: 142px\" class=\"wp-caption alignnone\"><img loading=\"lazy\" decoding=\"async\" class=\"size-medium wp-image-960\" src=\"http:\/\/kribicamerouninfos.net\/wp-content\/uploads\/2025\/01\/IMG-20250116-WA0007-142x300.jpg\" alt=\"Le patron de la fonction publique camerounaise\" width=\"142\" height=\"300\" srcset=\"https:\/\/kribicamerouninfos.net\/wp-content\/uploads\/2025\/01\/IMG-20250116-WA0007-142x300.jpg 142w, https:\/\/kribicamerouninfos.net\/wp-content\/uploads\/2025\/01\/IMG-20250116-WA0007.jpg 477w\" sizes=\"auto, (max-width: 142px) 100vw, 142px\" \/><figcaption id=\"caption-attachment-960\" class=\"wp-caption-text\">Le ministre Joseph Le pendant son discours<\/figcaption><\/figure>\n<p>Durant ces 2 jours de s\u00e9minaire, il est\u00a0 question de sensibiliser les acteurs cl\u00e9s \u00e0 l&rsquo;importance de l&rsquo;adaptation de l&rsquo;AIGLES pour une gestion optimis\u00e9e des ressources humaines et de la solde de l&rsquo;Etat; expliquer le fonctionnement des modules et des processus d&rsquo;int\u00e9gration, afin de garantir une compr\u00e9hension compl\u00e8te et transparente du syst\u00e8me ; renforcer les capacit\u00e9s des responsables pour superviser la mise en \u0153uvre de la plate-forme et garantir son usage quotidien dans leurs d\u00e9partements.<\/p>\n<p>Ainsi au terme du s\u00e9minaire, les participants auront une compr\u00e9hension approfondie des objectifs et de l&rsquo;impact strat\u00e9gique de la plate-forme AIGLES sur la gestion des ressources humaines et de la solde de l&rsquo;Etat ; les connaissances n\u00e9cessaires sur le fonctionnement des modules AIGLES ; et le processus d&rsquo;int\u00e9gration pour une mise en \u0153uvre efficace dans leurs administrations ; sans oublier les comp\u00e9tences renforc\u00e9es pour superviser l&rsquo;usage quotidien de la plate-forme et garantir une gestion optimale des ressources humaines dans leurs d\u00e9partements.<\/p>\n<figure id=\"attachment_961\" aria-describedby=\"caption-attachment-961\" style=\"width: 300px\" class=\"wp-caption alignnone\"><img loading=\"lazy\" decoding=\"async\" class=\"size-medium wp-image-961\" src=\"http:\/\/kribicamerouninfos.net\/wp-content\/uploads\/2025\/01\/IMG-20250116-WA0011-300x142.jpg\" alt=\"S\u00e9minaire Aigles\" width=\"300\" height=\"142\" srcset=\"https:\/\/kribicamerouninfos.net\/wp-content\/uploads\/2025\/01\/IMG-20250116-WA0011-300x142.jpg 300w, https:\/\/kribicamerouninfos.net\/wp-content\/uploads\/2025\/01\/IMG-20250116-WA0011-1024x485.jpg 1024w, https:\/\/kribicamerouninfos.net\/wp-content\/uploads\/2025\/01\/IMG-20250116-WA0011-768x363.jpg 768w, https:\/\/kribicamerouninfos.net\/wp-content\/uploads\/2025\/01\/IMG-20250116-WA0011.jpg 1080w\" sizes=\"auto, (max-width: 300px) 100vw, 300px\" \/><figcaption id=\"caption-attachment-961\" class=\"wp-caption-text\">Lors du lancement du s\u00e9minaire de Kribi<\/figcaption><\/figure>\n<p>Le s\u00e9minaire constitu\u00e9 de 3 ateliers et plusieurs modules, se d\u00e9roulera sous forme de pr\u00e9sentations th\u00e9oriques, de d\u00e9monstrations pratiques et de discussions interactives. Des \u00e9quipes mixtes MINFOPRA\/MINFI ont \u00e9t\u00e9 constitu\u00e9es pour accompagner techniquement et organiser cette transition aupr\u00e8s de l&rsquo;ensemble des administrations.<\/p>\n","protected":false},"excerpt":{"rendered":"<p>Un s\u00e9minaire\u00a0 de sensibilisation et d&rsquo;impr\u00e9gnation \u00e0 l&rsquo;utilisation de la nouvelle application AIGLES \u00e0 l&rsquo;intention<\/p>\n","protected":false},"author":3,"featured_media":960,"comment_status":"open","ping_status":"open","sticky":false,"template":"","format":"standard","meta":{"footnotes":""},"categories":[220],"tags":[],"class_list":["post-958","post","type-post","status-publish","format-standard","has-post-thumbnail","hentry","category-societe"],"yoast_head":"<!-- This site is optimized with the Yoast SEO plugin v27.5 - https:\/\/yoast.com\/product\/yoast-seo-wordpress\/ -->\n<title>Fonction publique camerounaise: le minist\u00e8re de comp\u00e9tence capacite les acteurs cl\u00e9s de l&#039;administration - Kribi Cameroun infos<\/title>\n<meta name=\"description\" content=\"Fonction publique camerounaise: le minist\u00e8re de comp\u00e9tence capacite les acteurs cl\u00e9s de l&#039;administration - Soci\u00e9t\u00e9 Kribi Cameroun infos\" \/>\n<meta name=\"robots\" content=\"index, follow, max-snippet:-1, max-image-preview:large, max-video-preview:-1\" \/>\n<link rel=\"canonical\" href=\"https:\/\/kribicamerouninfos.net\/index.php\/fonction-publique-camerounaise-le-ministere-de-competence-capacite-les-acteurs-cles-de-ladministration\/\" \/>\n<meta property=\"og:locale\" content=\"fr_FR\" \/>\n<meta property=\"og:type\" content=\"article\" \/>\n<meta property=\"og:title\" content=\"Fonction publique camerounaise: le minist\u00e8re de comp\u00e9tence capacite les acteurs cl\u00e9s de l&#039;administration - Kribi Cameroun infos\" \/>\n<meta property=\"og:description\" content=\"Fonction publique camerounaise: le minist\u00e8re de comp\u00e9tence capacite les acteurs cl\u00e9s de l&#039;administration - Soci\u00e9t\u00e9 Kribi Cameroun infos\" \/>\n<meta property=\"og:url\" content=\"https:\/\/kribicamerouninfos.net\/index.php\/fonction-publique-camerounaise-le-ministere-de-competence-capacite-les-acteurs-cles-de-ladministration\/\" \/>\n<meta property=\"og:site_name\" content=\"Kribi Cameroun infos\" \/>\n<meta property=\"article:published_time\" content=\"2025-01-16T22:30:09+00:00\" \/>\n<meta property=\"article:modified_time\" content=\"2025-01-16T22:31:49+00:00\" \/>\n<meta property=\"og:image\" content=\"http:\/\/kribicamerouninfos.net\/wp-content\/uploads\/2025\/01\/IMG-20250116-WA0007.jpg\" \/>\n\t<meta property=\"og:image:width\" content=\"477\" \/>\n\t<meta property=\"og:image:height\" content=\"1008\" \/>\n\t<meta property=\"og:image:type\" content=\"image\/jpeg\" \/>\n<meta name=\"author\" content=\"Catherine Danisa Kabeyene\" \/>\n<meta name=\"twitter:card\" content=\"summary_large_image\" \/>\n<meta name=\"twitter:label1\" content=\"\u00c9crit par\" \/>\n\t<meta name=\"twitter:data1\" content=\"Catherine Danisa Kabeyene\" \/>\n\t<meta name=\"twitter:label2\" content=\"Dur\u00e9e de lecture estim\u00e9e\" \/>\n\t<meta name=\"twitter:data2\" content=\"3 minutes\" \/>\n<script type=\"application\/ld+json\" class=\"yoast-schema-graph\">{\"@context\":\"https:\\\/\\\/schema.org\",\"@graph\":[{\"@type\":\"Article\",\"@id\":\"https:\\\/\\\/kribicamerouninfos.net\\\/index.php\\\/fonction-publique-camerounaise-le-ministere-de-competence-capacite-les-acteurs-cles-de-ladministration\\\/#article\",\"isPartOf\":{\"@id\":\"https:\\\/\\\/kribicamerouninfos.net\\\/index.php\\\/fonction-publique-camerounaise-le-ministere-de-competence-capacite-les-acteurs-cles-de-ladministration\\\/\"},\"author\":{\"name\":\"Catherine Danisa Kabeyene\",\"@id\":\"https:\\\/\\\/kribicamerouninfos.net\\\/#\\\/schema\\\/person\\\/e3d26ae0ce08b69c34c4cd563db5542e\"},\"headline\":\"Fonction publique camerounaise: le minist\u00e8re de comp\u00e9tence capacite les acteurs cl\u00e9s de l&rsquo;administration\",\"datePublished\":\"2025-01-16T22:30:09+00:00\",\"dateModified\":\"2025-01-16T22:31:49+00:00\",\"mainEntityOfPage\":{\"@id\":\"https:\\\/\\\/kribicamerouninfos.net\\\/index.php\\\/fonction-publique-camerounaise-le-ministere-de-competence-capacite-les-acteurs-cles-de-ladministration\\\/\"},\"wordCount\":628,\"commentCount\":0,\"publisher\":{\"@id\":\"https:\\\/\\\/kribicamerouninfos.net\\\/#organization\"},\"image\":{\"@id\":\"https:\\\/\\\/kribicamerouninfos.net\\\/index.php\\\/fonction-publique-camerounaise-le-ministere-de-competence-capacite-les-acteurs-cles-de-ladministration\\\/#primaryimage\"},\"thumbnailUrl\":\"https:\\\/\\\/kribicamerouninfos.net\\\/wp-content\\\/uploads\\\/2025\\\/01\\\/IMG-20250116-WA0007.jpg\",\"articleSection\":[\"Soci\u00e9t\u00e9\"],\"inLanguage\":\"fr-FR\",\"potentialAction\":[{\"@type\":\"CommentAction\",\"name\":\"Comment\",\"target\":[\"https:\\\/\\\/kribicamerouninfos.net\\\/index.php\\\/fonction-publique-camerounaise-le-ministere-de-competence-capacite-les-acteurs-cles-de-ladministration\\\/#respond\"]}]},{\"@type\":\"WebPage\",\"@id\":\"https:\\\/\\\/kribicamerouninfos.net\\\/index.php\\\/fonction-publique-camerounaise-le-ministere-de-competence-capacite-les-acteurs-cles-de-ladministration\\\/\",\"url\":\"https:\\\/\\\/kribicamerouninfos.net\\\/index.php\\\/fonction-publique-camerounaise-le-ministere-de-competence-capacite-les-acteurs-cles-de-ladministration\\\/\",\"name\":\"Fonction publique camerounaise: le minist\u00e8re de comp\u00e9tence capacite les acteurs cl\u00e9s de l'administration - Kribi Cameroun infos\",\"isPartOf\":{\"@id\":\"https:\\\/\\\/kribicamerouninfos.net\\\/#website\"},\"primaryImageOfPage\":{\"@id\":\"https:\\\/\\\/kribicamerouninfos.net\\\/index.php\\\/fonction-publique-camerounaise-le-ministere-de-competence-capacite-les-acteurs-cles-de-ladministration\\\/#primaryimage\"},\"image\":{\"@id\":\"https:\\\/\\\/kribicamerouninfos.net\\\/index.php\\\/fonction-publique-camerounaise-le-ministere-de-competence-capacite-les-acteurs-cles-de-ladministration\\\/#primaryimage\"},\"thumbnailUrl\":\"https:\\\/\\\/kribicamerouninfos.net\\\/wp-content\\\/uploads\\\/2025\\\/01\\\/IMG-20250116-WA0007.jpg\",\"datePublished\":\"2025-01-16T22:30:09+00:00\",\"dateModified\":\"2025-01-16T22:31:49+00:00\",\"description\":\"Fonction publique camerounaise: le minist\u00e8re de comp\u00e9tence capacite les acteurs cl\u00e9s de l'administration - Soci\u00e9t\u00e9 Kribi Cameroun infos\",\"breadcrumb\":{\"@id\":\"https:\\\/\\\/kribicamerouninfos.net\\\/index.php\\\/fonction-publique-camerounaise-le-ministere-de-competence-capacite-les-acteurs-cles-de-ladministration\\\/#breadcrumb\"},\"inLanguage\":\"fr-FR\",\"potentialAction\":[{\"@type\":\"ReadAction\",\"target\":[\"https:\\\/\\\/kribicamerouninfos.net\\\/index.php\\\/fonction-publique-camerounaise-le-ministere-de-competence-capacite-les-acteurs-cles-de-ladministration\\\/\"]}]},{\"@type\":\"ImageObject\",\"inLanguage\":\"fr-FR\",\"@id\":\"https:\\\/\\\/kribicamerouninfos.net\\\/index.php\\\/fonction-publique-camerounaise-le-ministere-de-competence-capacite-les-acteurs-cles-de-ladministration\\\/#primaryimage\",\"url\":\"https:\\\/\\\/kribicamerouninfos.net\\\/wp-content\\\/uploads\\\/2025\\\/01\\\/IMG-20250116-WA0007.jpg\",\"contentUrl\":\"https:\\\/\\\/kribicamerouninfos.net\\\/wp-content\\\/uploads\\\/2025\\\/01\\\/IMG-20250116-WA0007.jpg\",\"width\":477,\"height\":1008,\"caption\":\"Le ministre Joseph Le pendant son discours\"},{\"@type\":\"BreadcrumbList\",\"@id\":\"https:\\\/\\\/kribicamerouninfos.net\\\/index.php\\\/fonction-publique-camerounaise-le-ministere-de-competence-capacite-les-acteurs-cles-de-ladministration\\\/#breadcrumb\",\"itemListElement\":[{\"@type\":\"ListItem\",\"position\":1,\"name\":\"Accueil\",\"item\":\"https:\\\/\\\/kribicamerouninfos.net\\\/\"},{\"@type\":\"ListItem\",\"position\":2,\"name\":\"Fonction publique camerounaise: le minist\u00e8re de comp\u00e9tence capacite les acteurs cl\u00e9s de l&rsquo;administration\"}]},{\"@type\":\"WebSite\",\"@id\":\"https:\\\/\\\/kribicamerouninfos.net\\\/#website\",\"url\":\"https:\\\/\\\/kribicamerouninfos.net\\\/\",\"name\":\"Kribi Cameroun infos\",\"description\":\"Site d&#039;informations g\u00e9n\u00e9rales\",\"publisher\":{\"@id\":\"https:\\\/\\\/kribicamerouninfos.net\\\/#organization\"},\"potentialAction\":[{\"@type\":\"SearchAction\",\"target\":{\"@type\":\"EntryPoint\",\"urlTemplate\":\"https:\\\/\\\/kribicamerouninfos.net\\\/?s={search_term_string}\"},\"query-input\":{\"@type\":\"PropertyValueSpecification\",\"valueRequired\":true,\"valueName\":\"search_term_string\"}}],\"inLanguage\":\"fr-FR\"},{\"@type\":\"Organization\",\"@id\":\"https:\\\/\\\/kribicamerouninfos.net\\\/#organization\",\"name\":\"Kribi Cameroun infos\",\"url\":\"https:\\\/\\\/kribicamerouninfos.net\\\/\",\"logo\":{\"@type\":\"ImageObject\",\"inLanguage\":\"fr-FR\",\"@id\":\"https:\\\/\\\/kribicamerouninfos.net\\\/#\\\/schema\\\/logo\\\/image\\\/\",\"url\":\"https:\\\/\\\/kribicamerouninfos.net\\\/wp-content\\\/uploads\\\/2025\\\/12\\\/cropped-logo_site.png\",\"contentUrl\":\"https:\\\/\\\/kribicamerouninfos.net\\\/wp-content\\\/uploads\\\/2025\\\/12\\\/cropped-logo_site.png\",\"width\":343,\"height\":90,\"caption\":\"Kribi Cameroun infos\"},\"image\":{\"@id\":\"https:\\\/\\\/kribicamerouninfos.net\\\/#\\\/schema\\\/logo\\\/image\\\/\"}},{\"@type\":\"Person\",\"@id\":\"https:\\\/\\\/kribicamerouninfos.net\\\/#\\\/schema\\\/person\\\/e3d26ae0ce08b69c34c4cd563db5542e\",\"name\":\"Catherine Danisa Kabeyene\",\"image\":{\"@type\":\"ImageObject\",\"inLanguage\":\"fr-FR\",\"@id\":\"https:\\\/\\\/secure.gravatar.com\\\/avatar\\\/2d8a083898ab5ec28c87079dd407e64d81495892bb9384e7af7bd1c76e04af98?s=96&d=mm&r=g\",\"url\":\"https:\\\/\\\/secure.gravatar.com\\\/avatar\\\/2d8a083898ab5ec28c87079dd407e64d81495892bb9384e7af7bd1c76e04af98?s=96&d=mm&r=g\",\"contentUrl\":\"https:\\\/\\\/secure.gravatar.com\\\/avatar\\\/2d8a083898ab5ec28c87079dd407e64d81495892bb9384e7af7bd1c76e04af98?s=96&d=mm&r=g\",\"caption\":\"Catherine Danisa Kabeyene\"},\"description\":\"\u00c2g\u00e9e de 28 ans, Catherine Danisa Kabeyene est une jeune journaliste form\u00e9e, dot\u00e9e d'un talent inn\u00e9 en journalisme o\u00f9 elle jouit d'une exp\u00e9rience de plus de trois ans de pratique du m\u00e9tier.\",\"sameAs\":[\"http:\\\/\\\/www.kribicamerouninfos.net\"],\"url\":\"https:\\\/\\\/kribicamerouninfos.net\\\/index.php\\\/author\\\/catherine-kabeyene\\\/\"}]}<\/script>\n<!-- \/ Yoast SEO plugin. -->","yoast_head_json":{"title":"Fonction publique camerounaise: le minist\u00e8re de comp\u00e9tence capacite les acteurs cl\u00e9s de l'administration - Kribi Cameroun infos","description":"Fonction publique camerounaise: le minist\u00e8re de comp\u00e9tence capacite les acteurs cl\u00e9s de l'administration - Soci\u00e9t\u00e9 Kribi Cameroun infos","robots":{"index":"index","follow":"follow","max-snippet":"max-snippet:-1","max-image-preview":"max-image-preview:large","max-video-preview":"max-video-preview:-1"},"canonical":"https:\/\/kribicamerouninfos.net\/index.php\/fonction-publique-camerounaise-le-ministere-de-competence-capacite-les-acteurs-cles-de-ladministration\/","og_locale":"fr_FR","og_type":"article","og_title":"Fonction publique camerounaise: le minist\u00e8re de comp\u00e9tence capacite les acteurs cl\u00e9s de l'administration - Kribi Cameroun infos","og_description":"Fonction publique camerounaise: le minist\u00e8re de comp\u00e9tence capacite les acteurs cl\u00e9s de l'administration - Soci\u00e9t\u00e9 Kribi Cameroun infos","og_url":"https:\/\/kribicamerouninfos.net\/index.php\/fonction-publique-camerounaise-le-ministere-de-competence-capacite-les-acteurs-cles-de-ladministration\/","og_site_name":"Kribi Cameroun infos","article_published_time":"2025-01-16T22:30:09+00:00","article_modified_time":"2025-01-16T22:31:49+00:00","og_image":[{"width":477,"height":1008,"url":"http:\/\/kribicamerouninfos.net\/wp-content\/uploads\/2025\/01\/IMG-20250116-WA0007.jpg","type":"image\/jpeg"}],"author":"Catherine Danisa Kabeyene","twitter_card":"summary_large_image","twitter_misc":{"\u00c9crit par":"Catherine Danisa Kabeyene","Dur\u00e9e de lecture estim\u00e9e":"3 minutes"},"schema":{"@context":"https:\/\/schema.org","@graph":[{"@type":"Article","@id":"https:\/\/kribicamerouninfos.net\/index.php\/fonction-publique-camerounaise-le-ministere-de-competence-capacite-les-acteurs-cles-de-ladministration\/#article","isPartOf":{"@id":"https:\/\/kribicamerouninfos.net\/index.php\/fonction-publique-camerounaise-le-ministere-de-competence-capacite-les-acteurs-cles-de-ladministration\/"},"author":{"name":"Catherine Danisa Kabeyene","@id":"https:\/\/kribicamerouninfos.net\/#\/schema\/person\/e3d26ae0ce08b69c34c4cd563db5542e"},"headline":"Fonction publique camerounaise: le minist\u00e8re de comp\u00e9tence capacite les acteurs cl\u00e9s de l&rsquo;administration","datePublished":"2025-01-16T22:30:09+00:00","dateModified":"2025-01-16T22:31:49+00:00","mainEntityOfPage":{"@id":"https:\/\/kribicamerouninfos.net\/index.php\/fonction-publique-camerounaise-le-ministere-de-competence-capacite-les-acteurs-cles-de-ladministration\/"},"wordCount":628,"commentCount":0,"publisher":{"@id":"https:\/\/kribicamerouninfos.net\/#organization"},"image":{"@id":"https:\/\/kribicamerouninfos.net\/index.php\/fonction-publique-camerounaise-le-ministere-de-competence-capacite-les-acteurs-cles-de-ladministration\/#primaryimage"},"thumbnailUrl":"https:\/\/kribicamerouninfos.net\/wp-content\/uploads\/2025\/01\/IMG-20250116-WA0007.jpg","articleSection":["Soci\u00e9t\u00e9"],"inLanguage":"fr-FR","potentialAction":[{"@type":"CommentAction","name":"Comment","target":["https:\/\/kribicamerouninfos.net\/index.php\/fonction-publique-camerounaise-le-ministere-de-competence-capacite-les-acteurs-cles-de-ladministration\/#respond"]}]},{"@type":"WebPage","@id":"https:\/\/kribicamerouninfos.net\/index.php\/fonction-publique-camerounaise-le-ministere-de-competence-capacite-les-acteurs-cles-de-ladministration\/","url":"https:\/\/kribicamerouninfos.net\/index.php\/fonction-publique-camerounaise-le-ministere-de-competence-capacite-les-acteurs-cles-de-ladministration\/","name":"Fonction publique camerounaise: le minist\u00e8re de comp\u00e9tence capacite les acteurs cl\u00e9s de l'administration - Kribi Cameroun infos","isPartOf":{"@id":"https:\/\/kribicamerouninfos.net\/#website"},"primaryImageOfPage":{"@id":"https:\/\/kribicamerouninfos.net\/index.php\/fonction-publique-camerounaise-le-ministere-de-competence-capacite-les-acteurs-cles-de-ladministration\/#primaryimage"},"image":{"@id":"https:\/\/kribicamerouninfos.net\/index.php\/fonction-publique-camerounaise-le-ministere-de-competence-capacite-les-acteurs-cles-de-ladministration\/#primaryimage"},"thumbnailUrl":"https:\/\/kribicamerouninfos.net\/wp-content\/uploads\/2025\/01\/IMG-20250116-WA0007.jpg","datePublished":"2025-01-16T22:30:09+00:00","dateModified":"2025-01-16T22:31:49+00:00","description":"Fonction publique camerounaise: le minist\u00e8re de comp\u00e9tence capacite les acteurs cl\u00e9s de l'administration - Soci\u00e9t\u00e9 Kribi Cameroun infos","breadcrumb":{"@id":"https:\/\/kribicamerouninfos.net\/index.php\/fonction-publique-camerounaise-le-ministere-de-competence-capacite-les-acteurs-cles-de-ladministration\/#breadcrumb"},"inLanguage":"fr-FR","potentialAction":[{"@type":"ReadAction","target":["https:\/\/kribicamerouninfos.net\/index.php\/fonction-publique-camerounaise-le-ministere-de-competence-capacite-les-acteurs-cles-de-ladministration\/"]}]},{"@type":"ImageObject","inLanguage":"fr-FR","@id":"https:\/\/kribicamerouninfos.net\/index.php\/fonction-publique-camerounaise-le-ministere-de-competence-capacite-les-acteurs-cles-de-ladministration\/#primaryimage","url":"https:\/\/kribicamerouninfos.net\/wp-content\/uploads\/2025\/01\/IMG-20250116-WA0007.jpg","contentUrl":"https:\/\/kribicamerouninfos.net\/wp-content\/uploads\/2025\/01\/IMG-20250116-WA0007.jpg","width":477,"height":1008,"caption":"Le ministre Joseph Le pendant son discours"},{"@type":"BreadcrumbList","@id":"https:\/\/kribicamerouninfos.net\/index.php\/fonction-publique-camerounaise-le-ministere-de-competence-capacite-les-acteurs-cles-de-ladministration\/#breadcrumb","itemListElement":[{"@type":"ListItem","position":1,"name":"Accueil","item":"https:\/\/kribicamerouninfos.net\/"},{"@type":"ListItem","position":2,"name":"Fonction publique camerounaise: le minist\u00e8re de comp\u00e9tence capacite les acteurs cl\u00e9s de l&rsquo;administration"}]},{"@type":"WebSite","@id":"https:\/\/kribicamerouninfos.net\/#website","url":"https:\/\/kribicamerouninfos.net\/","name":"Kribi Cameroun infos","description":"Site d&#039;informations g\u00e9n\u00e9rales","publisher":{"@id":"https:\/\/kribicamerouninfos.net\/#organization"},"potentialAction":[{"@type":"SearchAction","target":{"@type":"EntryPoint","urlTemplate":"https:\/\/kribicamerouninfos.net\/?s={search_term_string}"},"query-input":{"@type":"PropertyValueSpecification","valueRequired":true,"valueName":"search_term_string"}}],"inLanguage":"fr-FR"},{"@type":"Organization","@id":"https:\/\/kribicamerouninfos.net\/#organization","name":"Kribi Cameroun infos","url":"https:\/\/kribicamerouninfos.net\/","logo":{"@type":"ImageObject","inLanguage":"fr-FR","@id":"https:\/\/kribicamerouninfos.net\/#\/schema\/logo\/image\/","url":"https:\/\/kribicamerouninfos.net\/wp-content\/uploads\/2025\/12\/cropped-logo_site.png","contentUrl":"https:\/\/kribicamerouninfos.net\/wp-content\/uploads\/2025\/12\/cropped-logo_site.png","width":343,"height":90,"caption":"Kribi Cameroun infos"},"image":{"@id":"https:\/\/kribicamerouninfos.net\/#\/schema\/logo\/image\/"}},{"@type":"Person","@id":"https:\/\/kribicamerouninfos.net\/#\/schema\/person\/e3d26ae0ce08b69c34c4cd563db5542e","name":"Catherine Danisa Kabeyene","image":{"@type":"ImageObject","inLanguage":"fr-FR","@id":"https:\/\/secure.gravatar.com\/avatar\/2d8a083898ab5ec28c87079dd407e64d81495892bb9384e7af7bd1c76e04af98?s=96&d=mm&r=g","url":"https:\/\/secure.gravatar.com\/avatar\/2d8a083898ab5ec28c87079dd407e64d81495892bb9384e7af7bd1c76e04af98?s=96&d=mm&r=g","contentUrl":"https:\/\/secure.gravatar.com\/avatar\/2d8a083898ab5ec28c87079dd407e64d81495892bb9384e7af7bd1c76e04af98?s=96&d=mm&r=g","caption":"Catherine Danisa Kabeyene"},"description":"\u00c2g\u00e9e de 28 ans, Catherine Danisa Kabeyene est une jeune journaliste form\u00e9e, dot\u00e9e d'un talent inn\u00e9 en journalisme o\u00f9 elle jouit d'une exp\u00e9rience de plus de trois ans de pratique du m\u00e9tier.","sameAs":["http:\/\/www.kribicamerouninfos.net"],"url":"https:\/\/kribicamerouninfos.net\/index.php\/author\/catherine-kabeyene\/"}]}},"_links":{"self":[{"href":"https:\/\/kribicamerouninfos.net\/index.php\/wp-json\/wp\/v2\/posts\/958","targetHints":{"allow":["GET"]}}],"collection":[{"href":"https:\/\/kribicamerouninfos.net\/index.php\/wp-json\/wp\/v2\/posts"}],"about":[{"href":"https:\/\/kribicamerouninfos.net\/index.php\/wp-json\/wp\/v2\/types\/post"}],"author":[{"embeddable":true,"href":"https:\/\/kribicamerouninfos.net\/index.php\/wp-json\/wp\/v2\/users\/3"}],"replies":[{"embeddable":true,"href":"https:\/\/kribicamerouninfos.net\/index.php\/wp-json\/wp\/v2\/comments?post=958"}],"version-history":[{"count":1,"href":"https:\/\/kribicamerouninfos.net\/index.php\/wp-json\/wp\/v2\/posts\/958\/revisions"}],"predecessor-version":[{"id":963,"href":"https:\/\/kribicamerouninfos.net\/index.php\/wp-json\/wp\/v2\/posts\/958\/revisions\/963"}],"wp:featuredmedia":[{"embeddable":true,"href":"https:\/\/kribicamerouninfos.net\/index.php\/wp-json\/wp\/v2\/media\/960"}],"wp:attachment":[{"href":"https:\/\/kribicamerouninfos.net\/index.php\/wp-json\/wp\/v2\/media?parent=958"}],"wp:term":[{"taxonomy":"category","embeddable":true,"href":"https:\/\/kribicamerouninfos.net\/index.php\/wp-json\/wp\/v2\/categories?post=958"},{"taxonomy":"post_tag","embeddable":true,"href":"https:\/\/kribicamerouninfos.net\/index.php\/wp-json\/wp\/v2\/tags?post=958"}],"curies":[{"name":"wp","href":"https:\/\/api.w.org\/{rel}","templated":true}]}}